{"id":26865,"date":"2023-12-19T17:00:13","date_gmt":"2023-12-19T17:00:13","guid":{"rendered":"https:\/\/nome.unak.is\/wordpress\/?p=26865"},"modified":"2024-01-07T19:47:56","modified_gmt":"2024-01-07T19:47:56","slug":"inngangur-fra-ritstjora-serheftis","status":"publish","type":"post","link":"https:\/\/nome.unak.is\/wordpress\/volume-18-no-2-2023\/introductory-note-volume-18-no-2-2023\/inngangur-fra-ritstjora-serheftis\/","title":{"rendered":"Inngangur \u2013 fr\u00e1 ritstj\u00f3ra s\u00e9rheftis"},"content":{"rendered":"\n\n\n\t<div class=\"dkpdf-button-container\" style=\" text-align:right \">\n\n\t\t<a class=\"dkpdf-button\" href=\"\/wordpress\/wp-json\/wp\/v2\/posts\/26865?pdf=26865\" target=\"_blank\"><span class=\"dkpdf-button-icon\"><i class=\"fa fa-file-pdf-o\"><\/i><\/span> <\/a>\n\n\t<\/div>\n\n\n\n\n\n<p style=\"text-align: justify;\">\u00c1ri\u00f0 2003 h\u00f3fst kennsla \u00ed l\u00f6gfr\u00e6\u00f0i vi\u00f0 H\u00e1sk\u00f3lann \u00e1 Akureyri (HA). \u00c1 \u00feeim t\u00edma hefur \u00feetta eflaust \u00fe\u00f3tt nokku\u00f0 vi\u00f0amikil, og af einhverjum galin, hugmynd. Engu a\u00f0 s\u00ed\u00f0ur h\u00f3fst n\u00e1mi\u00f0 \u00ed sameiginlegri f\u00e9lagsv\u00edsinda-og lagadeild. Hei\u00f0urinn af \u00fev\u00ed starfi eiga frams\u00e6knir og huga\u00f0ir einstaklingar sem ver\u00f0ur seint \u00feakka\u00f0 n\u00e6gilega miki\u00f0. \u00d3h\u00e6tt er a\u00f0 segja a\u00f0 s\u00ed\u00f0an \u00fe\u00e1 hafi deildin bl\u00f3mstra\u00f0, b\u00e6\u00f0i \u00ed kennslu og ranns\u00f3knum og er n\u00fa or\u00f0in ein s\u00fa s\u00e9rh\u00e6f\u00f0asta \u00e1 landinu \u00e1 svi\u00f0i \u00fej\u00f3\u00f0ar\u00e9ttar og heimskautar\u00e9ttar.<\/p>\n<p style=\"text-align: justify;\">Til a\u00f0 fagna 20 \u00e1ra afm\u00e6li s\u00ednu \u00e1kva\u00f0 lagadeildin a\u00f0 halda afm\u00e6lism\u00e1l\u00feing \u00ed mars 2023. \u00c1kve\u00f0i\u00f0 var a\u00f0 leggja \u00e1herslu \u00e1 a\u00f0 f\u00e1 fyrirlesara \u00far h\u00f3pi \u00fatskrifa\u00f0ra st\u00fadenta, b\u00e6\u00f0i til a\u00f0 fr\u00e6\u00f0ast um hvert lei\u00f0ir \u00feeirra hafa legi\u00f0 eftir \u00fatskrift fr\u00e1 HA og hvernig n\u00e1mi\u00f0 undirbj\u00f3 \u00feau fyrir starfi\u00f0. Jafnframt var\u00f0 deildin \u00feess hei\u00f0urs a\u00f0nj\u00f3tandi a\u00f0 f\u00e1 heims\u00f3kn fr\u00e1 forseta \u00cdslands, Gu\u00f0na Th. J\u00f3hannessyni, sem h\u00e9lt erindi um \u00fej\u00f3\u00f0h\u00f6f\u00f0ingjakaflann \u00ed stj\u00f3rnarskr\u00e1nni. \u00cd kj\u00f6lfari\u00f0 fylgdu fyrirlestrar um til a\u00f0 mynda st\u00f6\u00f0u \u00feingmanna, r\u00e9ttindi brota\u00feola \u00ed refsiv\u00f6rslukerfinu, lagaumhverfi bla\u00f0amanna, b\u00f3kun 35 vi\u00f0 EES-samninginn, st\u00f6\u00f0u heimskautar\u00e9ttar eftir innr\u00e1s r\u00fassneskra stj\u00f3rnvalda \u00ed \u00dakra\u00ednu, eignar\u00e9tt frumbyggja \u00e1 landi s\u00ednu \u00fat fr\u00e1 sj\u00f3narh\u00f3li umhverfisr\u00e9ttar og s\u00ed\u00f0ast en ekki s\u00edst um reynslu meistaranema vi\u00f0 lagadeildina eins og h\u00fan er \u00ed dag.<\/p>\n<p style=\"text-align: justify;\"><strong>\u00de\u00e1tttakendur \u00e1 20 \u00e1ra afm\u00e6lism\u00e1l\u00feingi Lagadeildar H\u00e1sk\u00f3lans \u00e1 Akureyri<br \/>\nSamf\u00e9lagsleg \u00e1hrif lagan\u00e1ms \u00e1 Akureyri<br \/>\n<a href=\"http:\/\/nome.unak.is\/wordpress\/wp-content\/uploads\/2023\/12\/panelists-rev-scaled.jpg\"><img loading=\"lazy\" decoding=\"async\" class=\"alignnone size-medium wp-image-26873\" src=\"http:\/\/nome.unak.is\/wordpress\/wp-content\/uploads\/2023\/12\/panelists-rev-300x200.jpg\" alt=\"\" width=\"300\" height=\"200\" srcset=\"https:\/\/nome.unak.is\/wordpress\/wp-content\/uploads\/2023\/12\/panelists-rev-300x200.jpg 300w, https:\/\/nome.unak.is\/wordpress\/wp-content\/uploads\/2023\/12\/panelists-rev-1024x683.jpg 1024w, https:\/\/nome.unak.is\/wordpress\/wp-content\/uploads\/2023\/12\/panelists-rev-768x512.jpg 768w, https:\/\/nome.unak.is\/wordpress\/wp-content\/uploads\/2023\/12\/panelists-rev-600x400.jpg 600w, https:\/\/nome.unak.is\/wordpress\/wp-content\/uploads\/2023\/12\/panelists-rev-1536x1024.jpg 1536w, https:\/\/nome.unak.is\/wordpress\/wp-content\/uploads\/2023\/12\/panelists-rev-2048x1365.jpg 2048w\" sizes=\"auto, (max-width: 300px) 100vw, 300px\" \/><\/a><br \/>\n<a href=\"https:\/\/www.unak.is\/is\/samfelagid\/frettasafn\/frettir\/forseti-og-radherra-i-heimsokn-i-tilefni-af-20-ara-afmaeli-lagadeildar-haskolans-a-akureyri\">Dagskr\u00e1<\/a><\/strong><br \/>\n<a href=\"https:\/\/www.unak.is\/is\/samfelagid\/upptokur-og-utsendingar?r=0806c38b-49ad-4a6f-855a-afd20104517a\"><strong>Upptaka<\/strong><\/a><\/p>\n<p style=\"text-align: justify;\">\u00c1samt \u00fev\u00ed a\u00f0 halda afm\u00e6lism\u00e1l\u00feing \u00e1kva\u00f0 deildin a\u00f0 fara \u00ed samstarf vi\u00f0 t\u00edmariti\u00f0 Nordicum-Mediterraneum og gefa \u00fat s\u00e9rhefti tileinka\u00f0 \u00feessum f\u00f6gnu\u00f0i. Fyrsta greinin inniheldur pers\u00f3nulegar huglei\u00f0ingar \u00feriggja \u00feeirra sem gegndu lykilhlutverki \u00ed undirb\u00faningi og upphafi \u00feess a\u00f0 lagakennsla h\u00f3fst vi\u00f0 H\u00e1sk\u00f3lann \u00e1 Akureyri. Gu\u00f0mundur H. Fr\u00edmannsson, pr\u00f3fessor emeritus, Mikael Karlsson, pr\u00f3fessor emeritus, og Rachael L. Johnstone, pr\u00f3fessor, fjalla um \u00fe\u00e1 \u00ferautag\u00f6ngu sem leiddi til \u00feess sem vi\u00f0 b\u00faum n\u00fa vi\u00f0 \u00ed dag. Fj\u00f3rar greinar, \u00fear sem beitt var tv\u00edblindri ritr\u00fdni, fylgja \u00fear \u00e1 eftir. J\u00fal\u00ed \u00d3sk Antonsd\u00f3ttir, a\u00f0j\u00fankt og landsr\u00e9ttarl\u00f6gma\u00f0ur, skrifar um r\u00e9ttindi forsj\u00e1rlauss foreldris \u00ed \u00feeim tilvikum er forsj\u00e1rforeldri afsalar s\u00e9r forsj\u00e1 barnsins til barnaverndar\u00fej\u00f3nustu. \u00de\u00e1 fjallar Rachael Lorna Johnstone, pr\u00f3fessor, um mikilv\u00e6gi \u00fej\u00f3\u00f0ar\u00e9ttar, og \u00feess a\u00f0 beita al\u00fej\u00f3\u00f0legum n\u00e1lgunum, \u00feegar kemur a\u00f0 \u00fev\u00ed a\u00f0 leysa heimskautar\u00e9ttarlegan \u00e1greining. \u00cd kj\u00f6lfari\u00f0 \u00e1 \u00fev\u00ed rekur Sara Fusco, doktorsnemi, \u00fea\u00f0 hvernig umhverfisr\u00e9ttur er a\u00f0 hafa \u00e1hrif \u00e1 n\u00fat\u00edma stj\u00f3rnarskr\u00e1rhyggju og hvernig sl\u00edkt endurspeglast \u00ed r\u00e9tti frumbyggja til landsv\u00e6\u00f0is. Fyrir rest greina Eleni Kontostathi, fyrrum heimskautar\u00e9ttarnemi vi\u00f0 HA, og Polina Ananina, fyrrum nemi vi\u00f0 Higher School of Economics h\u00e1sk\u00f3lann \u00ed Moskvu, fr\u00e1 \u00fev\u00ed hvernig hl\u00fdnun jar\u00f0ar er a\u00f0 hafa \u00e1hrif \u00e1 nor\u00f0urheimskautssv\u00e6\u00f0i\u00f0 og lagalegt umhverfi \u00feess. Leggja h\u00f6fundar s\u00e9rstaka \u00e1herslu \u00e1 a\u00f0 fjalla um \u00e1herslur r\u00fassneskra stj\u00f3rnvalda \u00e1 samstarf \u00feeirra vi\u00f0 k\u00ednversk stj\u00f3rnv\u00f6ld og m\u00f6guleika \u00feeirra \u00e1 a\u00f0 byggja upp n\u00fdjar hafnir og innvi\u00f0i me\u00f0 \u00fev\u00ed a\u00f0 n\u00fdta s\u00e9r Nor\u00f0ursj\u00e1varlei\u00f0ina. A\u00f0 lokum rita\u00f0i Ragnhei\u00f0ur Elfa \u00deorsteinsd\u00f3ttir, lektor, f.h. lagadeildarinnar, minningaror\u00f0 um \u00c1g\u00fast \u00de\u00f3r \u00c1rnason, fyrrum samstarfsf\u00e9laga og vin. \u00c1g\u00fast \u00de\u00f3r \u00e1tti st\u00f3ran \u00fe\u00e1tt \u00ed \u00fer\u00f3un lagan\u00e1ms vi\u00f0 H\u00e1sk\u00f3la \u00e1 Akureyri auk \u00fer\u00f3unar \u00ed stj\u00f3rnskipunarr\u00e9tti og mannr\u00e9ttindum \u00e1 \u00cdslandi og skipar st\u00f3ran sess \u00ed hj\u00f6rtum margra sem hann \u00feekktu. Er hans minnst me\u00f0 hl\u00fdhug.<\/p>\n<p style=\"text-align: justify;\">Lagadeildin vill koma \u00e1 framf\u00e6ri \u00fe\u00f6kkum til allra \u00feeirra sem t\u00f3ku \u00fe\u00e1tt \u00ed a\u00f0 fagna afm\u00e6li deildarinnar \u00e1 \u00feessu \u00e1ri. \u00dea\u00f0 er okkar von a\u00f0 lagadeild HA haldi \u00e1fram a\u00f0 bl\u00f3mstra og vera lei\u00f0andi \u00ed kennslu og ranns\u00f3knum \u00e1 hinum \u00fdmsu svi\u00f0um l\u00f6gfr\u00e6\u00f0innar \u00e1 komandi \u00e1rum.<\/p>\n","protected":false},"excerpt":{"rendered":"<p>\u00c1ri\u00f0 2003 h\u00f3fst kennsla \u00ed l\u00f6gfr\u00e6\u00f0i vi\u00f0 H\u00e1sk\u00f3lann \u00e1 Akureyri (HA). \u00c1 \u00feeim t\u00edma hefur \u00feetta eflaust \u00fe\u00f3tt nokku\u00f0 vi\u00f0amikil, og af einhverjum galin, hugmynd. Engu a\u00f0 s\u00ed\u00f0ur h\u00f3fst n\u00e1mi\u00f0 \u00ed sameiginlegri f\u00e9lagsv\u00edsinda-og lagadeild. Hei\u00f0urinn af \u00fev\u00ed starfi eiga frams\u00e6knir og huga\u00f0ir einstaklingar sem ver\u00f0ur seint \u00feakka\u00f0 n\u00e6gilega miki\u00f0. \u00d3h\u00e6tt er a\u00f0 segja a\u00f0 s\u00ed\u00f0an &hellip; <a href=\"https:\/\/nome.unak.is\/wordpress\/volume-18-no-2-2023\/introductory-note-volume-18-no-2-2023\/inngangur-fra-ritstjora-serheftis\/\" class=\"more-link\">Continue reading <span class=\"screen-reader-text\">Inngangur \u2013 fr\u00e1 ritstj\u00f3ra s\u00e9rheftis<\/span> <span class=\"meta-nav\">&rarr;<\/span><\/a><\/p>\n","protected":false},"author":680,"featured_media":0,"comment_status":"closed","ping_status":"open","sticky":false,"template":"","format":"standard","meta":{"_exactmetrics_skip_tracking":false,"_exactmetrics_sitenote_active":false,"_exactmetrics_sitenote_note":"","_exactmetrics_sitenote_category":0,"footnotes":""},"categories":[2453],"tags":[2454,2455,2456],"coauthors":[2452],"class_list":["post-26865","post","type-post","status-publish","format-standard","hentry","category-introductory-note-volume-18-no-2-2023","tag-haskolinn-a-akureyri","tag-lagadeild","tag-laganam"],"_links":{"self":[{"href":"https:\/\/nome.unak.is\/wordpress\/wp-json\/wp\/v2\/posts\/26865","targetHints":{"allow":["GET"]}}],"collection":[{"href":"https:\/\/nome.unak.is\/wordpress\/wp-json\/wp\/v2\/posts"}],"about":[{"href":"https:\/\/nome.unak.is\/wordpress\/wp-json\/wp\/v2\/types\/post"}],"author":[{"embeddable":true,"href":"https:\/\/nome.unak.is\/wordpress\/wp-json\/wp\/v2\/users\/680"}],"replies":[{"embeddable":true,"href":"https:\/\/nome.unak.is\/wordpress\/wp-json\/wp\/v2\/comments?post=26865"}],"version-history":[{"count":6,"href":"https:\/\/nome.unak.is\/wordpress\/wp-json\/wp\/v2\/posts\/26865\/revisions"}],"predecessor-version":[{"id":27975,"href":"https:\/\/nome.unak.is\/wordpress\/wp-json\/wp\/v2\/posts\/26865\/revisions\/27975"}],"wp:attachment":[{"href":"https:\/\/nome.unak.is\/wordpress\/wp-json\/wp\/v2\/media?parent=26865"}],"wp:term":[{"taxonomy":"category","embeddable":true,"href":"https:\/\/nome.unak.is\/wordpress\/wp-json\/wp\/v2\/categories?post=26865"},{"taxonomy":"post_tag","embeddable":true,"href":"https:\/\/nome.unak.is\/wordpress\/wp-json\/wp\/v2\/tags?post=26865"},{"taxonomy":"author","embeddable":true,"href":"https:\/\/nome.unak.is\/wordpress\/wp-json\/wp\/v2\/coauthors?post=26865"}],"curies":[{"name":"wp","href":"https:\/\/api.w.org\/{rel}","templated":true}]}}