{"id":179,"date":"2013-01-01T12:33:08","date_gmt":"2013-01-01T12:33:08","guid":{"rendered":"http:\/\/nome.unak.is\/wordpress\/?p=179"},"modified":"2016-03-30T17:16:08","modified_gmt":"2016-03-30T17:16:08","slug":"practicing-what-they-preach-did-the-imf-and-iceland-exercise-good-governance-in-their-relations-2008-2011","status":"publish","type":"post","link":"https:\/\/nome.unak.is\/wordpress\/08-1\/c48-article\/practicing-what-they-preach-did-the-imf-and-iceland-exercise-good-governance-in-their-relations-2008-2011\/","title":{"rendered":"Practising what they Preach: Did the IMF and Iceland Exercise Good Governance in their Relations 2008-2011?"},"content":{"rendered":"\n\n\n\t<div class=\"dkpdf-button-container\" style=\" text-align:right \">\n\n\t\t<a class=\"dkpdf-button\" href=\"\/wordpress\/wp-json\/wp\/v2\/posts\/179?pdf=179\" target=\"_blank\"><span class=\"dkpdf-button-icon\"><i class=\"fa fa-file-pdf-o\"><\/i><\/span> <\/a>\n\n\t<\/div>\n\n\n\n\n\n<p style=\"text-align: justify;\"><span style=\"font-size: 12pt;\">The authors begin with a general outline of the principles of good governance, settling on five principles to provide the framework for their analysis. These five are: transparency, accountability, participation, rule of law, and human rights. The authors closely examine the published documentation from the IMF-Iceland programme as well as supplementary information from the Icelandic government, the Icelandic Parliament, the Special Investigation Commission of the Iceland Parliament and the Icelandic media in order to assess the programme in light of the five criteria.<\/span><\/p>\n<p style=\"text-align: justify;\"><span style=\"font-size: 12pt;\">\u00a0<\/span><\/p>\n<p style=\"text-align: justify;\"><span style=\"font-size: 12pt;\">The authors also draw attention to three issues that are only alluded to in the documentation but are crucial to Iceland\u2019s economic stability: the Icesave matter, natural renewable energy resources, and the individual transferable quotas in the fishing industry. This indicates that discussions on these (and possibly other) highly sensitive issues between the IMF and Icelandic representatives were withheld from the published documents. The authors\u2019 main conclusions are that what appears in the documents indicates that good governance was broadly exercised, but that concerns remain about what is not in the documents at all. On the other hand, the IMF programme encouraged improvements in domestic transparency and accountability, while at the same time the IMF respected the democratic institutions and decisions of the Icelandic people.<\/span><\/p>\n<p style=\"text-align: justify;\"><span style=\"font-size: 12pt;\">\u00a0<\/span><\/p>\n<p style=\"text-align: justify;\"><span style=\"font-size: 12pt;\">\u00a0<\/span><\/p>\n<p style=\"text-align: justify;\"><span style=\"font-size: 12pt;\"><strong>I\u00a0\u00a0\u00a0\u00a0\u00a0\u00a0\u00a0\u00a0\u00a0\u00a0 INTRODUCTION\u00a0<\/strong><\/span><\/p>\n<p style=\"text-align: justify;\"><span style=\"font-size: 12pt;\">\u00a0<\/span><\/p>\n<p style=\"text-align: justify;\"><span style=\"font-size: 12pt;\">In the Fall of 2008, the Icelandic economy plummeted when the three biggest banks in the country crashed. Following this dramatic turn of events, the Icelandic Government sought assistance from the International Monetary Fund (IMF). The aim of this paper is to evaluate the degree to which good governance was exercised in the IMF-Iceland programme 2008-2011. Good governance is interpreted for this purpose in light of the various definitions offered by a number of international institutions (including the IMF) and relevant secondary literature. To aid organisation and clarity of analysis, the authors decided to distinguish between the process and the substance of the IMF programme in Iceland and discuss them separately. Obviously there is not always a clear distinction between process and substance, however in this paper the process generally relates to direct communication between Icelandic authorities and the IMF such as discussions and negotiations leading up to formal written exchanges and reviews, whereas the substance refers to the content of the exchanges and, to a limited extent as the focus remains primarily on the international dimension, domestic implementation. <\/span><\/p>\n<p style=\"text-align: justify;\"><span style=\"font-size: 12pt;\">The paper starts with a brief history of events (part II) followed by an explanation for the authors\u2019 definition of good governance that provides the framework for the main part of this paper (part III). This is based on five overlapping criteria: transparency; accountability; participation; rule of Law; and human rights. In part IV and V, the IMF-Iceland programme is then reviewed according to these criteria, first in respect of the process and thereafter on substance. In part VI, the paper addresses some major issues that are conspicuously absent in the official documents relating to the IMF programme in Iceland but which the authors find very unlikely to have gone unnoticed by the IMF. Part VII concludes the paper by reviewing the key findings and conclusions along with some inferences that the authors make based on their research.<\/span><\/p>\n<p style=\"text-align: justify;\"><span style=\"font-size: 12pt;\">In this paper the analysis of Good Governance in the IMF programme in Iceland is based on information and documents made available by the IMF, information made available by the Icelandic Government, material from the Icelandic Parliament (Al\u00feingi), material form Volume 8 of the April 2010 Report by Ranns\u00f3knarnefnd Al\u00feingis (Al\u00feingi\u2019s Special Investigation Commission) (SIC Repor) which was established to investigate the processes that led to the collapse of the Icelandic banking system, mass and social media, and a personal communication with a member of a group of concerned citizens.<\/span><\/p>\n<p style=\"text-align: justify;\"><span style=\"font-size: 12pt;\">\u00a0<\/span><\/p>\n<p style=\"text-align: justify;\"><span style=\"font-size: 12pt;\"><br \/>\n<strong>II\u00a0\u00a0\u00a0\u00a0\u00a0\u00a0\u00a0\u00a0\u00a0 BRIEF HISTORY OF EVENTS<\/strong><a title=\"\" href=\"#_ftn1\" name=\"_ftnref1\"><sup><sup>[1]<\/sup><\/sup><\/a><\/span><\/p>\n<p style=\"text-align: justify;\"><span style=\"font-size: 12pt;\">In August 2008, the IMF concluded that \u2018stress tests suggest that the [banking] system is resilient\u2019 and although they identified room for improvement to enhance corporate transparency and accountability, held that the FME had \u2018sufficient legal powers to perform its prudential tasks.\u2019<a title=\"\" href=\"#_ftn2\" name=\"_ftnref2\"><sup><sup>[2]<\/sup><\/sup><\/a> Within two months, the three leading Icelandic banks had collapsed and been nationalised; counter-terror legislation had been applied by the United Kingdom government against Kaup\u00feing; emergency legislation altered the priority of creditor claims on the banks, protecting first and foremost domestic deposits; strict foreign exchange controls were implemented; and the Icelandic administration was in crisis.<a title=\"\" href=\"#_ftn3\" name=\"_ftnref3\"><sup><sup>[3]<\/sup><\/sup><\/a> The IMF was called to advise and offer a stand-by loan, followed by a regular package of loans, with the first formal application (letter of intent) dated 15<sup>th<\/sup> November 2008 and the seventh and final letter of intent dated 16<sup>th<\/sup> August 2011.<a title=\"\" href=\"#_ftn4\" name=\"_ftnref4\"><sup><sup>[4]<\/sup><\/sup><\/a> As Prime Minister Geir Haarde concluded his famous \u2018God Bless Iceland\u2019 speech,<a title=\"\" href=\"#_ftn5\" name=\"_ftnref5\"><sup><sup>[5]<\/sup><\/sup><\/a> protestors were taking to the streets where they remained until \u2013 and in some instances beyond \u2013 the resignation of the ruling administration on 27<sup>th<\/sup> January 2009. A minority administration governed with informal support from a third, smaller party, until elections were held on 25<sup>th<\/sup> April 2009 following which a new majority government was formed. Political stability was not, however, assured as the President sent to referenda two highly controversial Parliamentary Bills on the repayment of the Icesave debt to the British and Dutch authorities.<a title=\"\" href=\"#_ftn6\" name=\"_ftnref6\"><sup><sup>[6]<\/sup><\/sup><\/a> The first was rejected by an overwhelming 93% majority; the second more narrowly by 60%.<a title=\"\" href=\"#_ftn7\" name=\"_ftnref7\"><sup><sup>[7]<\/sup><\/sup><\/a> The Icesave repayment has yet to be resolved and pends resolution before an international tribunal.<a title=\"\" href=\"#_ftn8\" name=\"_ftnref8\"><sup><sup>[8]<\/sup><\/sup><\/a><\/span><\/p>\n<p style=\"text-align: justify;\"><span style=\"font-size: 12pt;\">\u00a0<\/span><\/p>\n<p style=\"text-align: justify;\"><span style=\"font-size: 12pt;\">\u00a0<\/span><\/p>\n<p style=\"text-align: justify;\"><span style=\"font-size: 12pt;\"><strong>III \u00a0\u00a0\u00a0\u00a0\u00a0\u00a0\u00a0 DEFINING GOOD GOVERNANCE<\/strong><\/span><\/p>\n<p style=\"text-align: justify;\"><span style=\"font-size: 12pt;\">The term \u2018good governance\u2019 is used widely in development literature, official statements of international organisations and policy documents of domestic governments. However, notwithstanding its ubiquity, the term\u2019s precise meaning is chimerical. In order, therefore, to assess the extent to which good governance is upheld in the interactions between Iceland and the IMF between 2008 and 2011, it is necessary to determine the contents of good governance, and provide working definitions.<\/span><\/p>\n<p style=\"text-align: justify;\"><span style=\"font-size: 12pt;\">\u00a0<\/span><\/p>\n<p style=\"text-align: justify;\"><span style=\"font-size: 12pt;\">To this end, the authors have reviewed the official definitions of good governance provided by a number of international organisations, including the IMF, national departments of international development (e.g. in Canada, Iceland and the United Kingdom) as well as relevant secondary literature. The IMF\u2019s own criteria can be briefly summarised as: accountability, transparency, rule of law, limited government and anti-corruption.<a title=\"\" href=\"#_ftn9\" name=\"_ftnref9\"><sup><sup>[9]<\/sup><\/sup><\/a> While these remain important, by the IMF\u2019s own admission, they concern only \u2018economic aspects of governance.\u2019<a title=\"\" href=\"#_ftn10\" name=\"_ftnref10\"><sup><sup>[10]<\/sup><\/sup><\/a> The authors do not share the view of the World Bank and the IMF that a good government is necessarily a small government, a government that \u2018manages less but manages better\u2019<a title=\"\" href=\"#_ftn11\" name=\"_ftnref11\"><sup><sup>[11]<\/sup><\/sup><\/a> because of the extensive obligations of due diligence that States bear to ensure that non-State actors exercise good governance: State institutions may require to be larger and stronger to guarantee good governance in the corporate sector, a feature that the IMF considers to have been woefully lacking in Iceland with disastrous consequences. The OECD extends good governance to include market efficiency and effectiveness; the authors accept that efficiency is a value but do not incorporate it as a key factor in good governance as it places excessive emphasis on \u2018lowest cost\u2019 at the expense of other values, including labour standards and environmental protection. The OECD also includes a rather vague element called \u2018forward vision,\u2019 something close to planning ahead, which is likewise excluded by the present authors as a distinct criterion.<a title=\"\" href=\"#_ftn12\" name=\"_ftnref12\"><sup><sup>[12]<\/sup><\/sup><\/a> Twenty-first century readings of good governance introduce a human rights component and the authors agree that governance that violates accepted human rights standards cannot be good.<sup> <a title=\"\" href=\"#_ftn13\" name=\"_ftnref13\"><sup>[13]<\/sup><\/a><\/sup><\/span><\/p>\n<p style=\"text-align: justify;\"><span style=\"font-size: 12pt;\">\u00a0<\/span><\/p>\n<p style=\"text-align: justify;\"><span style=\"font-size: 12pt;\">In sum, the authors select the following five overlapping and interdependent criteria on which to assess good governance: transparency; accountability; participation; rule of law; and respect for human rights.<\/span><\/p>\n<p style=\"text-align: justify;\"><span style=\"font-size: 12pt;\">\u00a0<\/span><\/p>\n<p style=\"text-align: justify;\"><span style=\"font-size: 12pt;\">\u00a0<\/span><\/p>\n<ol style=\"text-align: justify;\">\n<li><span style=\"font-size: 12pt;\"><strong>\u00a0\u00a0\u00a0 Transparency<\/strong><\/span><\/li>\n<\/ol>\n<p style=\"text-align: justify;\"><span style=\"font-size: 12pt;\">Transparency is identified as a value in all the schema of good governance that the present authors reviewed and requires freedom of information throughout the decision-making process.<a title=\"\" href=\"#_ftn14\" name=\"_ftnref14\"><sup><sup>[14]<\/sup><\/sup><\/a> While legal rights to obtain information (e.g. freedom of information and disclosure laws) are one aspect, genuine transparency requires that processes are open to public scrutiny automatically, i.e. people are given information; they need not actively seek it. In the present review, the authors found that transparency in the corporate sector, in particular, banking, was at least as important as transparency in State procedures. The State bears the ultimate responsibility to facilitate transparency, for example, by implementing corporate disclosure requirements and standardised reporting procedures for the private sector to facilitate informed analyses and comparisons. Transparency is in many ways the starting point of good governance as none of the other four criteria can be fully effective without it. In this paper <strong><em>transparency<\/em> is evaluated according to the ease of accessing information, its quality, and the timeliness of disclosure<\/strong>.<\/span><\/p>\n<p style=\"text-align: justify;\"><span style=\"font-size: 12pt;\">\u00a0<\/span><\/p>\n<p style=\"text-align: justify;\"><span style=\"font-size: 12pt;\">\u00a0\u00a0<\/span><\/p>\n<ol style=\"text-align: justify;\" start=\"2\">\n<li><span style=\"font-size: 12pt;\">\u00a0 \u00a0 \u00a0<strong>Accountability<\/strong><\/span><\/li>\n<\/ol>\n<p style=\"text-align: justify;\"><span style=\"font-size: 12pt;\">An accountable government, according to the OECD, is a government that is: \u2018able and willing to show the extent to which its actions and decisions are consistent with clearly-defined and agreed-upon objectives,\u2019<a title=\"\" href=\"#_ftn15\" name=\"_ftnref15\"><sup><sup>[15]<\/sup><\/sup><\/a> a definition that seems to owe much to transparency \u2013 that is, ease of access to information about how decisions are made. Likewise, the IMF links accountability and transparency, recognising that the former cannot exist without the latter.<a title=\"\" href=\"#_ftn16\" name=\"_ftnref16\"><sup><sup>[16]<\/sup><\/sup><\/a> The present authors, however, would argue for a deeper understanding of accountability under which it is clear which State organ or individual bears responsibility for any decision, can be held personally to answer for that decision, and the decision itself can be challenged on the basis that it substantively violates an individual\u2019s vested rights or that it was taken ultra vires. As for transparency, corporate accountability is in practice as important as public sector accountability and should be ensured by the adoption of adequate corporate regulation and supervision: the State must exercise due diligence in this regard to ensure that private market agents are accountable for their conduct. In this paper, <strong><em>accountability<\/em> means having clear lines of authority and responsibility for decision-making and institutional supervision of public and private processes<\/strong>. <\/span><\/p>\n<p style=\"text-align: justify;\"><span style=\"font-size: 12pt;\">\u00a0<\/span><\/p>\n<p style=\"text-align: justify;\"><span style=\"font-size: 12pt;\">\u00a0<\/span><\/p>\n<ol style=\"text-align: justify;\" start=\"3\">\n<li><span style=\"font-size: 12pt;\">\u00a0 \u00a0 \u00a0<strong>Participation<\/strong><\/span><\/li>\n<\/ol>\n<p style=\"text-align: justify;\"><span style=\"font-size: 12pt;\">The IMF does not address participation per se, on the basis that it is not an economic matter and hence beyond the IMF\u2019s mandate and expertise. Other interpretations of participation as an aspect of good governance do not always make clear who should be entitled to participate. The United Nations use of participation alongside equity indicates that all humans should be involved while the UNDP conflation of good governance with democratic governance further supports this view.<a title=\"\" href=\"#_ftn17\" name=\"_ftnref17\"><sup><sup>[17]<\/sup><\/sup><\/a> The World Bank talks of \u2018civil society\u2019 which will include non-natural legal persons as well as interested human-beings;<a title=\"\" href=\"#_ftn18\" name=\"_ftnref18\"><sup><sup>[18]<\/sup><\/sup><\/a> other accounts seem to focus primarily on the participation of market agents, possibly substituting universal human participation.<a title=\"\" href=\"#_ftn19\" name=\"_ftnref19\"><sup><sup>[19]<\/sup><\/sup><\/a> The OECD, though not using the term participation, includes \u2018responsiveness\u2019 which the present authors incorporate into the sense of democratic participation:<a title=\"\" href=\"#_ftn20\" name=\"_ftnref20\"><sup><sup>[20]<\/sup><\/sup><\/a> political freedoms, such as expression or association become meaningful only when they can have a substantive impact on policy. Participation requires consultation, which requires outreach by decision-makers to seek the views of those affected; it is not a passive responsibility of government simply to wait until stakeholders come to them. The latter approach excludes the most vulnerable and distorts participation in favour of those with the political clout to secure government and media attention.<a title=\"\" href=\"#_ftn21\" name=\"_ftnref21\"><sup><sup>[21]<\/sup><\/sup><\/a> In this paper, <strong><em>participation<\/em> means effective consultation with stakeholders, primarily human stakeholders, public discussion and Parliamentary review of policies and programmes before final decisions are taken<\/strong>.\u00a0 Assessing democratic participation in the IMF-Iceland cooperation includes, inter alia, a review of the extent to which the contents of the agreements were debated in Al\u00feingi. Like accountability, true democratic participation requires transparency.<\/span><\/p>\n<p style=\"text-align: justify;\"><span style=\"font-size: 12pt;\">\u00a0<\/span><\/p>\n<p style=\"text-align: justify;\"><span style=\"font-size: 12pt;\">\u00a0<\/span><\/p>\n<ol style=\"text-align: justify;\" start=\"4\">\n<li><span style=\"font-size: 12pt;\">\u00a0\u00a0\u00a0\u00a0\u00a0<strong>Rule of Law<\/strong><\/span><\/li>\n<\/ol>\n<p style=\"text-align: justify;\"><span style=\"font-size: 12pt;\">The rule of law is a broad concept that can be used to conceal a multitude of different ideas<a title=\"\" href=\"#_ftn22\" name=\"_ftnref22\"><sup><sup>[22]<\/sup><\/sup><\/a> but the authors have subsumed within it the following notions: <strong>publicity and clarity of legal regulations (legal certainty); government according to law; equality before the law; protection of vested rights; and non-retrospective law-making<\/strong>.<a title=\"\" href=\"#_ftn23\" name=\"_ftnref23\"><sup><sup>[23]<\/sup><\/sup><\/a> Access to remedies is also a factor in the rule of law, though in this paper, it is incorporated under the head of accountability. The rule of law facilitates predictability and stability equally for institutional investors as for natural persons. Anti-corruption is sometimes considered as a distinct goal, but here we subsume it within the rule of law as defined above, in particular, the concepts of equality before the law, government according to law and legal certainty, as well as in light of transparency. Transparency again rears its head in terms of knowledge of the law and open legal processes so that justice is not only done, but seen to be done; and many aspects of the rule of law are universally recognised human rights.<a title=\"\" href=\"#_ftn24\" name=\"_ftnref24\"><sup><sup>[24]<\/sup><\/sup><\/a>\u00a0\u00a0\u00a0 <\/span><\/p>\n<p style=\"text-align: justify;\"><span style=\"font-size: 12pt;\">\u00a0<\/span><\/p>\n<p style=\"text-align: justify;\"><span style=\"font-size: 12pt;\">\u00a0<\/span><\/p>\n<ol style=\"text-align: justify;\" start=\"5\">\n<li><span style=\"font-size: 12pt;\">\u00a0\u00a0\u00a0\u00a0\u00a0<strong>Human Rights<\/strong><\/span><\/li>\n<\/ol>\n<p style=\"text-align: justify;\"><span style=\"font-size: 12pt;\">Inspired by 21<sup>st<\/sup> century approaches to good governance<a title=\"\" href=\"#_ftn25\" name=\"_ftnref25\"><sup><sup>[25]<\/sup><\/sup><\/a> and as an implicit extension to the rule of law, the present authors consider that governance cannot be good if it is not compatible with the <\/span><\/p>\n<p style=\"text-align: justify;\"><span style=\"font-size: 12pt;\">two principal international human rights treaties, to which Iceland has been party since 1979: namely, the International Covenant on Economic Social and Cultural Rights (ICESCR) and the International Covenant on Civil and Political Rights (ICCPR).<a title=\"\" href=\"#_ftn26\" name=\"_ftnref26\"><sup><sup>[26]<\/sup><\/sup><\/a> Besides the fact that development is hollow in the absence of human rights,<a title=\"\" href=\"#_ftn27\" name=\"_ftnref27\"><sup><sup>[27]<\/sup><\/sup><\/a> States that have ratified these Covenants owe an obligation under international law both to their own residents as well as to other States to respect, protect and fulfil the rights therein.<a title=\"\" href=\"#_ftn28\" name=\"_ftnref28\"><sup><sup>[28]<\/sup><\/sup><\/a> Therefore, their application is also an aspect of the rule of law (government according to law). The substantive content of contemporary international human rights law goes well beyond these two Covenants<a title=\"\" href=\"#_ftn29\" name=\"_ftnref29\"><sup><sup>[29]<\/sup><\/sup><\/a> but to save this paper from deviating too far from the core of good governance, the authors interpret human <strong>rights as relevant provisions of the ICESCR and the ICCPR<\/strong> and assess the IMF-Iceland interaction in light of these two core treaties. The ICCPR includes many of the values already discussed: the right to a remedy, non-retrospectivity of law, equality before the law, open justice, and the right to democratic participation.<a title=\"\" href=\"#_ftn30\" name=\"_ftnref30\"><sup><sup>[30]<\/sup><\/sup><\/a> The ICESCR by contrast, as its name indicates, emphasises quality of life issues, including rights to work, social security, education, standard of living, the highest attainable standard of health, and to participation in cultural life.<a title=\"\" href=\"#_ftn31\" name=\"_ftnref31\"><sup><sup>[31]<\/sup><\/sup><\/a> These issues were pertinent to the substance of the agreements (less so the process) as public provision in all these fields was under sustained attack in order to meet the fiscal targets of the IMF programme.<\/span><\/p>\n<p style=\"text-align: justify;\"><span style=\"font-size: 12pt;\">\u00a0<\/span><\/p>\n<p style=\"text-align: justify;\"><span style=\"font-size: 12pt;\">\u00a0<\/span><\/p>\n<p style=\"text-align: justify;\"><span style=\"font-size: 12pt;\">\u00a0<\/span><\/p>\n<p style=\"text-align: justify;\"><span style=\"font-size: 12pt;\"><strong>IV\u00a0\u00a0\u00a0\u00a0\u00a0\u00a0\u00a0\u00a0 THE PROCESS BY WHICH THE IMF-ICELAND PACKAGE WAS AGREED<\/strong><\/span><\/p>\n<p style=\"text-align: justify;\"><span style=\"font-size: 12pt;\">\u00a0<\/span><\/p>\n<ol style=\"text-align: justify;\">\n<li><span style=\"font-size: 12pt;\">\u00a0\u00a0\u00a0 <strong>Transparency in the Process<\/strong><\/span><\/li>\n<\/ol>\n<p style=\"text-align: justify;\"><span style=\"font-size: 12pt;\">A key feature in guaranteeing democratic participation is transparency. The IMF has a policy of \u2018voluntary but presumed\u2019 consent which means that publication of documents is voluntary but the consent is presumed and members are encouraged to consent to publication.<a title=\"\" href=\"#_ftn32\" name=\"_ftnref32\"><sup><sup>[32]<\/sup><\/sup><\/a>\u00a0 The IMF website has a very comprehensive chronological account of its communications with Iceland. These include IMF Staff Reports, Icelandic Letters of Intent (LOIs), transcripts of Press Conferences, Press Briefings and Conference Calls and Press Releases.<a title=\"\" href=\"#_ftn33\" name=\"_ftnref33\"><sup><sup>[33]<\/sup><\/sup><\/a> The Icelandic government has no dedicated site where IMF related information is stored although most of it was published on various Icelandic Government websites. Staff Reports include the times of meetings and the names of participants.<a title=\"\" href=\"#_ftn34\" name=\"_ftnref34\"><sup><sup>[34]<\/sup><\/sup><\/a> Contrary to what one might assume, the LOI is not submitted by the government to the IMF for consideration but must be produced in consultation with the IMF: despite the superficial appearance that the staff reports are a response by the IMF to the LOIs, they are routinely to be found dated the same day or on immediately consecutive days.<a title=\"\" href=\"#_ftn35\" name=\"_ftnref35\"><sup><sup>[35]<\/sup><\/sup><\/a><\/span><\/p>\n<p style=\"text-align: justify;\"><span style=\"font-size: 12pt;\">\u00a0<\/span><\/p>\n<p style=\"text-align: justify;\"><span style=\"font-size: 12pt;\">According to information on the IMF website, an outline loan agreement had been reached before 24<sup>th<\/sup> October 2008 based on an economic programme presented by the Icelandic Government.<a title=\"\" href=\"#_ftn36\" name=\"_ftnref36\"><sup><sup>[36]<\/sup><\/sup><\/a> This matter was neither presented to nor debated in Al\u00feingi until after the fact.<a title=\"\" href=\"#_ftn37\" name=\"_ftnref37\"><sup><sup>[37]<\/sup><\/sup><\/a><\/span><\/p>\n<p style=\"text-align: justify;\"><span style=\"font-size: 12pt;\">\u00a0<\/span><\/p>\n<p style=\"text-align: justify;\"><span style=\"font-size: 12pt;\">On the 17<sup>th<\/sup> October, at 06:02, the Icelandic Newspaper <em>DV<\/em> published an article on its website under the heading: \u2018IMF: The Document We Are Not Allowed to See,\u2019 in which it announced that it had acquired the first LOI and was going to publish it at 17:00 that same day.<a title=\"\" href=\"#_ftn38\" name=\"_ftnref38\"><sup><sup>[38]<\/sup><\/sup><\/a> For some reason DV decided to go ahead and publish the LOI at 10:00 that same morning.<a title=\"\" href=\"#_ftn39\" name=\"_ftnref39\"><sup><sup>[39]<\/sup><\/sup><\/a> Shortly after that a resolution to grant permission to the Government to finalise the IMF proceedings was proposed by Prime Minister Geir Haarde.<a title=\"\" href=\"#_ftn40\" name=\"_ftnref40\"><sup><sup>[40]<\/sup><\/sup><\/a><\/span><\/p>\n<p style=\"text-align: justify;\"><span style=\"font-size: 12pt;\">\u00a0<\/span><\/p>\n<p style=\"text-align: justify;\"><span style=\"font-size: 12pt;\">The resolution is very short but the first LOI is annexed in Icelandic. The notes to the proposal are also very short but they state that the process has been ongoing for quite some time and that the plan for restoring economic stability was sent to the IMF on 3 November 2008. According to the first LOI as it appears in the resolution, the Icelandic Government authorizes the publication of the LOI, its attachments and the Staff Report.<a title=\"\" href=\"#_ftn41\" name=\"_ftnref41\"><sup><sup>[41]<\/sup><\/sup><\/a>\u00a0 \u00a0 \u00a0 \u00a0 \u00a0\u00a0<\/span><\/p>\n<p style=\"text-align: justify;\"><span style=\"font-size: 12pt;\">\u00a0<\/span><\/p>\n<p style=\"text-align: justify;\"><span style=\"font-size: 12pt;\">During the discussions in Al\u00feingi on the resolution proposal, the minority expressed concerns, both in speeches and in written opinions from the committees that were consulted, that the whole process was nothing but an attempt to rubberstamp a process after it had already been completed, and that is was non-transparent and what little information they had to work with came from the IMF, not the Icelandic Government.<a title=\"\" href=\"#_ftn42\" name=\"_ftnref42\"><sup><sup>[42]<\/sup><\/sup><\/a> The Government leaders on the other hand put the blame for lack of transparency squarely on the IMF and stated that all information that could be made available was made available as soon as IMF rules allowed; Prime Minister Haarde further claimed that opposition leaders had been given access to some confidential information.<a title=\"\" href=\"#_ftn43\" name=\"_ftnref43\"><sup><sup>[43]<\/sup><\/sup><\/a> Since other members of Al\u00feingi and committee members did not have access to this information, they had very little information to go by.<\/span><\/p>\n<p style=\"text-align: justify;\"><span style=\"font-size: 12pt;\">\u00a0<\/span><\/p>\n<p style=\"text-align: justify;\"><span style=\"font-size: 12pt;\">The want of transparency at the outset of the programme encouraged speculation that the IMF was going beyond an advisory role and making substantive demands on the Icelandic government without any democratic oversight.<a title=\"\" href=\"#_ftn44\" name=\"_ftnref44\"><sup><sup>[44]<\/sup><\/sup><\/a> Aside from the fact that publication followed the agreement and implementation, there are still no publicly available minutes or other reports on what transpired inside the meetings. According to Volume 8 of the SIC Report, prepared by a specialist working group on ethics, this lack of transparency and reluctance to make minutes during meetings had long been characteristic for the Icelandic administration where the preference was for informal, \u2018friendly\u2019 discussion, rather than as a formalised part of public administration.<a title=\"\" href=\"#_ftn45\" name=\"_ftnref45\"><sup><sup>[45]<\/sup><\/sup><\/a> It is therefore quite possible that no minutes were ever taken, at least from the side of the Icelandic government. As a result, there is no way of knowing who promoted or protested any particular measures or if there was any pressure from the IMF on issues that do not appear in the final documents.<\/span><\/p>\n<p style=\"text-align: justify;\"><span style=\"font-size: 12pt;\">\u00a0<\/span><\/p>\n<p style=\"text-align: justify;\"><span style=\"font-size: 12pt;\">This arrangement and lack of transparency allows for passing the blame for what goes wrong and taking credit for what goes well and works well for both parties. The IMF can take credit for the relative success the programme has enjoyed in Iceland, even though it may be mostly down to policy decisions made on the Government level, and the Government can make claims that it withstood pressure from the IMF to make more cuts, even though such claims may be highly exaggerated. There is in fact no way of knowing what the truth is based on the limited available information. This in turn raises issues of accountability, which will be addressed further in the next sub-section. A good example of this is a recent claim made by Katr\u00edn Jakobsd\u00f3ttir, Iceland\u2019s Minister of Culture and Education, that the IMF had suggested that State-run cultural institutions should be closed temporarily, a claim that was categorically denied by Franek Rozwadowski of the IMF who stated that IMF policy was that it was up to the Government to make decisions on where and how to cut expenses and raise taxes.<a title=\"\" href=\"#_ftn46\" name=\"_ftnref46\"><sup><sup>[46]<\/sup><\/sup><\/a><\/span><\/p>\n<p style=\"text-align: justify;\"><span style=\"font-size: 12pt;\">\u00a0<\/span><\/p>\n<p style=\"text-align: justify;\"><span style=\"font-size: 12pt;\">A prerequisite for having an informed opinion is that one has access to the relevant information in a language one understands thus it is pertinent to review the extent of information available in Icelandic.<a title=\"\" href=\"#_ftn47\" name=\"_ftnref47\"><sup><sup>[47]<\/sup><\/sup><\/a> Three of the LOIs were translated into Icelandic and published on accessible Government websites<a title=\"\" href=\"#_ftn48\" name=\"_ftnref48\"><sup><sup>[48]<\/sup><\/sup><\/a> in addition to two IMF Country Reports and two IMF Press Releases.<a title=\"\" href=\"#_ftn49\" name=\"_ftnref49\"><sup><sup>[49]<\/sup><\/sup><\/a> Considering the volume of material that is available in English on the IMF programme in Iceland this seems limited. However, the most important documents are translated, being the first LOI which lays the land for the whole programme, the second LOI which states the new Government\u2019s methods and changes in approach, and the first two Staff Reports which are essential to understanding the IMF\u2019s approach and understanding of the Icelandic situation and how to address the economic restructuring of the country. Finally, the last LOI gives a good account of how the programme has proceeded, accomplishments and ongoing challenges.<\/span><\/p>\n<p style=\"text-align: justify;\"><span style=\"font-size: 12pt;\">\u00a0<\/span><\/p>\n<p style=\"text-align: justify;\"><span style=\"font-size: 12pt;\">It can be concluded that although the finished documents were made available, there is no access to working documents or minutes produced in the process, which makes it impossible to verify claims made by either party, on what actually transpired during the meetings. This fuelled fears that it was in fact the IMF that was calling the shots, not the Icelandic Government. In any case the apparent absence of any discussion of at least three crucial issues: the Icesave issue, the management of natural energy resources; and the fishing quotas, indicates that not everything that was on the table made its way into the published documentation.<a title=\"\" href=\"#_ftn50\" name=\"_ftnref50\"><sup><sup>[50]<\/sup><\/sup><\/a><\/span><\/p>\n<p style=\"text-align: justify;\"><span style=\"font-size: 12pt;\">\u00a0<\/span><\/p>\n<p style=\"text-align: justify;\"><span style=\"font-size: 12pt;\">\u00a0<\/span><\/p>\n<ol style=\"text-align: justify;\" start=\"2\">\n<li><span style=\"font-size: 12pt;\">\u00a0\u00a0\u00a0 <strong>Accountability in the Process<\/strong><\/span><\/li>\n<\/ol>\n<p style=\"text-align: justify;\"><span style=\"font-size: 12pt;\">In volume 8 of the SIC report, lack of accountability and clear lines of responsibility in Icelandic governance are identified as key factors contributing to the fall of the banks.<a title=\"\" href=\"#_ftn51\" name=\"_ftnref51\"><sup><sup>[51]<\/sup><\/sup><\/a> It is therefore not surprising that members of the opposition parties in Iceland in Fall 2008 expressed concern about who was driving the negotiations. Within Iceland, Ingibj\u00f6rg S\u00f3lr\u00fan G\u00edslad\u00f3ttir claimed that the government and the CBI devised the programme in partnership with the IMF and that the Government was responsible and accountable.<a title=\"\" href=\"#_ftn52\" name=\"_ftnref52\"><sup><sup>[52]<\/sup><\/sup><\/a> <\/span><\/p>\n<p style=\"text-align: justify;\"><span style=\"font-size: 12pt;\">\u00a0<\/span><\/p>\n<p style=\"text-align: justify;\"><span style=\"font-size: 12pt;\">The IMF is accountable to its member governments but not directly accountable to the States to which they lend nor their peoples.<a title=\"\" href=\"#_ftn53\" name=\"_ftnref53\"><sup><sup>[53]<\/sup><\/sup><\/a> In recognition of this, the IMF maintains that it refrains from interference in domestic affairs.<a title=\"\" href=\"#_ftn54\" name=\"_ftnref54\"><sup><sup>[54]<\/sup><\/sup><\/a> Public statements on behalf of the IMF in its negotiations with Iceland support this claim.<a title=\"\" href=\"#_ftn55\" name=\"_ftnref55\"><sup><sup>[55]<\/sup><\/sup><\/a> However, the limits to transparency as noted above, in particular, the complete absence of published minutes, leaves scope for much speculation as to what passed behind closed doors. A degree of doubt remains which cannot be confirmed or refuted as to the extent of the IMF\u2019s influence on domestic government policy with the only clear conclusion being that whatever the IMF may or may not have recommended, it is not accountable to the Icelandic people for it.<\/span><\/p>\n<p style=\"text-align: justify;\"><span style=\"font-size: 12pt;\">\u00a0<\/span><\/p>\n<p style=\"text-align: justify;\"><span style=\"font-size: 12pt;\">\u00a0<\/span><\/p>\n<ol style=\"text-align: justify;\" start=\"3\">\n<li><span style=\"font-size: 12pt;\">\u00a0\u00a0\u00a0\u00a0\u00a0<strong>Participation in the Process<\/strong><\/span><\/li>\n<\/ol>\n<p style=\"text-align: justify;\"><span style=\"font-size: 12pt;\">Again, owing to incomplete transparency in the negotiations and development of the IMF-Iceland agreements, it is very difficult to confirm the extent of participation of any actors other than the IMF and Icelandic government. As a constitutional matter, it should be expected that the Icelandic government represents all its domestic interests and therefore participation would be more likely found between the Icelandic authorities and civil society, rather than directly between non-State actors and the IMF. There is evidence of this in the first LOI which confirms that: \u2018Social partners recognize the need to enter an agreement that is commensurate with the severity of the situation.\u2019<a title=\"\" href=\"#_ftn56\" name=\"_ftnref56\"><sup><sup>[56]<\/sup><\/sup><\/a> A stability pact was later agreed with the Unions and this obtains support from the IMF.<a title=\"\" href=\"#_ftn57\" name=\"_ftnref57\"><sup><sup>[57]<\/sup><\/sup><\/a><\/span><\/p>\n<p style=\"text-align: justify;\"><span style=\"font-size: 12pt;\">\u00a0<\/span><\/p>\n<p style=\"text-align: justify;\"><span style=\"font-size: 12pt;\">As the two previous sections clearly indicate, there was very little democratic participation in the process leading up to the first LOI and the IMF agreement. The relevant Parliamentary committees were ignored and it is only when Resolution 1\/136 is proposed that Al\u00feingi is first involved, this after finalisation of the programme with no material impact.<a title=\"\" href=\"#_ftn58\" name=\"_ftnref58\"><sup><sup>[58]<\/sup><\/sup><\/a><\/span><\/p>\n<p style=\"text-align: justify;\"><span style=\"font-size: 12pt;\">\u00a0<\/span><\/p>\n<p style=\"text-align: justify;\"><span style=\"font-size: 12pt;\">Direct access to the IMF was facilitated through press conferences and conference calls which must be viewed as information sessions (pertaining more to transparency) than as opportunities to influence the process.<a title=\"\" href=\"#_ftn59\" name=\"_ftnref59\"><sup><sup>[59]<\/sup><\/sup><\/a> Nevertheless, there are indications that indirect participation and influence may have had some impact. One concerned citizen and spokesperson for a group called Opinn borgarfundur (Open Civil Meetings, OCM), Gunnar Sigur\u00f0sson, expressed his personal view that their efforts to influence the IMF had some some impact.<a title=\"\" href=\"#_ftn60\" name=\"_ftnref60\"><sup><sup>[60]<\/sup><\/sup><\/a><\/span><\/p>\n<p style=\"text-align: justify;\"><span style=\"font-size: 12pt;\">\u00a0<\/span><\/p>\n<p style=\"text-align: justify;\"><span style=\"font-size: 12pt;\">On behalf of OCM, Sigur\u00f0sson wrote to Dominique Strauss-Kahn voicing concerns about the IMF programme in Iceland along the following lines: the programme did not have Iceland\u2019s best interests as a priority; it would indebt Iceland heavily to protect foreign investors; and that the IMF had unjustly sided with the UK and Holland in the Icesave dispute.<a title=\"\" href=\"#_ftn61\" name=\"_ftnref61\"><sup><sup>[61]<\/sup><\/sup><\/a> Strauss-Kahn was invited to participate in one of the civil meetings. Although he did not personally attend, he replied in writing with an open letter to Sigur\u00f0sson.<a title=\"\" href=\"#_ftn62\" name=\"_ftnref62\"><sup><sup>[62]<\/sup><\/sup><\/a> Following some further attempts to correspond directly with Strauss-Kahn, the group were invited to meet twice with Franek Rozwadowski, the IMF\u2019s resident representative in Iceland. They also joined a Central Bank meeting, attended by Rozwadowski and the IMF\u2019s Iceland mission chief, Mark Flanagan as well as the Central Bank\u2019s Governor and Chief Economist.<a title=\"\" href=\"#_ftn63\" name=\"_ftnref63\"><sup><sup>[63]<\/sup><\/sup><\/a><\/span><\/p>\n<p style=\"text-align: justify;\"><span style=\"font-size: 12pt;\">\u00a0<\/span><\/p>\n<p style=\"text-align: justify;\"><span style=\"font-size: 12pt;\">Although only anecdotal, it remains worth reporting that Sigur\u00f0sson found it surprisingly easy to get access to the relevant actors and that he felt that OCM\u2019s points of view were heard and discussed in an animated manner. Sigur\u00f0sson further suggested that he thought the reason for this relatively easy access to IMF representatives and their efforts to answer the groups questions and to hear their points of view, related to the small size of the Icelandic population and the country\u2019s strong democratic tradition. He concluded that the loud protests and doubts raised by OCM and others regarding the IMF\u2019s presence in Iceland, in addition to the meetings and correspondence with IMF representatives, contributed to the IMF conducting its business differently in Iceland than its reputation might have suggested.<a title=\"\" href=\"#_ftn64\" name=\"_ftnref64\"><sup><sup>[64]<\/sup><\/sup><\/a><\/span><\/p>\n<p style=\"text-align: justify;\"><span style=\"font-size: 12pt;\">\u00a0<\/span><\/p>\n<p style=\"text-align: justify;\"><span style=\"font-size: 12pt;\">Public participation is more apparent and more significant in the context of the substantive changes that emanated from the IMF programme and the process of internal consultation will be reviewed in that context.<a title=\"\" href=\"#_ftn65\" name=\"_ftnref65\"><sup><sup>[65]<\/sup><\/sup><\/a><\/span><\/p>\n<p style=\"text-align: justify;\"><span style=\"font-size: 12pt;\">\u00a0<\/span><\/p>\n<p style=\"text-align: justify;\"><span style=\"font-size: 12pt;\">\u00a0<\/span><\/p>\n<ol style=\"text-align: justify;\" start=\"4\">\n<li><span style=\"font-size: 12pt;\">\u00a0\u00a0\u00a0\u00a0\u00a0<strong>Rule of Law in the Process<\/strong><\/span><\/li>\n<\/ol>\n<p style=\"text-align: justify;\"><span style=\"font-size: 12pt;\">The IMF has clear rules of procedure on when and how to render assistence to members and a few different methods of doing so.<a title=\"\" href=\"#_ftn66\" name=\"_ftnref66\"><sup><sup>[66]<\/sup><\/sup><\/a> The programme which Iceland went through is called a Stand-By Arrangement and there is nothing to suggest that the IMF did not follow its own rules of procedure in the process.<a title=\"\" href=\"#_ftn67\" name=\"_ftnref67\"><sup><sup>[67]<\/sup><\/sup><\/a> As established by previous chapters each step of the programme was published on the IMF website and criteria of publicity and clarity were clearly met. One of the fundamental principles of operation of the IMF is the principle of uniformity of treatment which means that \u2018treatment of members must remain equal and comparable, allowing for no preferences in favour of any country or group of countries.\u2019<a title=\"\" href=\"#_ftn68\" name=\"_ftnref68\"><sup><sup>[68]<\/sup><\/sup><\/a> The comparison needed to ascertain whether Iceland was treated in a comparable manner to other members is outside the scope of this paper. <\/span><\/p>\n<p style=\"text-align: justify;\"><span style=\"font-size: 12pt;\">\u00a0<\/span><\/p>\n<p style=\"text-align: justify;\"><span style=\"font-size: 12pt;\">On the Icelandic side, lack of participation from Al\u00feingi and its Committees is cause for concern and the lawfulness of the executive\u2019s engagment with the IMF appears to rest on what might be viewed as a technicality. In May 2008, Al\u00feingi had granted the Government authority to borrow up to 500 billion kronur.<a title=\"\" href=\"#_ftn69\" name=\"_ftnref69\"><sup><sup>[69]<\/sup><\/sup><\/a> The Government\u2019s position was that this authority granted by Al\u00feingi in May 2008 meant that they did not need to seek any further authority from Al\u00feingi, a claim contested by Steingr\u00edmur J Sigf\u00fasson.<a title=\"\" href=\"#_ftn70\" name=\"_ftnref70\"><sup><sup>[70]<\/sup><\/sup><\/a> That does not change the fact that the IMF programme was not something that anyone had foreseen when the authority to borrow 500 billion kronur was granted nor were the terms of that loan something that had been taken into account.<\/span><\/p>\n<p style=\"text-align: justify;\"><span style=\"font-size: 12pt;\">\u00a0<\/span><\/p>\n<p style=\"text-align: justify;\"><span style=\"font-size: 12pt;\">\u00a0<\/span><\/p>\n<ol style=\"text-align: justify;\" start=\"5\">\n<li><span style=\"font-size: 12pt;\">\u00a0\u00a0\u00a0\u00a0\u00a0<strong>Human Rights in the Process<\/strong><\/span><\/li>\n<\/ol>\n<p style=\"text-align: justify;\"><span style=\"font-size: 12pt;\">\u00a0<\/span><\/p>\n<p style=\"text-align: justify;\"><span style=\"font-size: 12pt;\">Human rights as such do not really enter into the picture during the process itself, especially in light of the IMF\u2019s policy of not involving itself in sovereign matters.<a title=\"\" href=\"#_ftn71\" name=\"_ftnref71\"><sup><sup>[71]<\/sup><\/sup><\/a> Issues of human rights, to the extent that they might be addressed, fall under the substantive aspect of the programme and the implementation by the Icelandic Government and are considered in that light below.\u00a0\u00a0\u00a0\u00a0\u00a0\u00a0\u00a0 <\/span><\/p>\n<p style=\"text-align: justify;\"><span style=\"font-size: 12pt;\">\u00a0<\/span><\/p>\n<p style=\"text-align: justify;\"><span style=\"font-size: 12pt;\">\u00a0<\/span><\/p>\n<p style=\"text-align: justify;\"><span style=\"font-size: 12pt;\">\u00a0<\/span><\/p>\n<p style=\"text-align: justify;\"><span style=\"font-size: 12pt;\"><strong>V\u00a0\u00a0\u00a0\u00a0\u00a0\u00a0\u00a0\u00a0\u00a0 THE SUBSTANCE OF THE IMF-ICELAND PACKAGE<\/strong><\/span><\/p>\n<p style=\"text-align: justify;\"><span style=\"font-size: 12pt;\">\u00a0<\/span><\/p>\n<ol style=\"text-align: justify;\">\n<li><span style=\"font-size: 12pt;\">\u00a0\u00a0\u00a0\u00a0\u00a0<strong>Transparency in the Substance<\/strong><\/span><\/li>\n<\/ol>\n<p style=\"text-align: justify;\"><span style=\"font-size: 12pt;\">Even prior to the collapse of the Icelandic economy, the IMF expressed concerns about corporate transparency in Iceland, although transparency in the public sector is rarely discussed<a title=\"\" href=\"#_ftn72\" name=\"_ftnref72\"><sup><sup>[72]<\/sup><\/sup><\/a> Recurring motifs include complex ownership structures, e.g., extensive use of holding companies of financial institutions making it difficult to identify beneficial ownership; cross ownership; and excessive related party lending (itself facilitated and concealed by the difficulty of establishing the relations between the creditor and debtor parties).<a title=\"\" href=\"#_ftn73\" name=\"_ftnref73\"><sup><sup>[73]<\/sup><\/sup><\/a> Lack of standardised reporting rendered meaningful comparisons between competing financial institutions impossible.<a title=\"\" href=\"#_ftn74\" name=\"_ftnref74\"><sup><sup>[74]<\/sup><\/sup><\/a> Throughout the lifetime of the programme, Iceland proposes and the IMF supports reforms to increase the disclosure requirements on financial institutions and mandate more regular, thorough, and standardised reporting to the FME (this latter element pertaining also to corporate and State accountability).<a title=\"\" href=\"#_ftn75\" name=\"_ftnref75\"><sup><sup>[75]<\/sup><\/sup><\/a> The regulatory framework of the financial sector is constantly under review and notwithstanding some reforms, remains so at the close of the programme.<a title=\"\" href=\"#_ftn76\" name=\"_ftnref76\"><sup><sup>[76]<\/sup><\/sup><\/a> The word \u2018corruption\u2019 is not used, but the measures proposed to enhance transparency would reduce the risk. While considering the relationships between various financial institutions and their governing personnel, absent from the discussion is any review of the close relations and possible shared interests between the financial institutions and members of the Icelandic executive both leading up to the crash in 2008 and in its aftermath.<a title=\"\" href=\"#_ftn77\" name=\"_ftnref77\"><sup><sup>[77]<\/sup><\/sup><\/a> In other words, the IMF does not draw attention to the possibility that the proximity of business and politics may have contributed to the crash.<\/span><\/p>\n<p style=\"text-align: justify;\"><span style=\"font-size: 12pt;\">\u00a0<\/span><\/p>\n<p style=\"text-align: justify;\"><span style=\"font-size: 12pt;\">\u00a0<\/span><\/p>\n<ol style=\"text-align: justify;\" start=\"2\">\n<li><span style=\"font-size: 12pt;\">\u00a0\u00a0\u00a0\u00a0\u00a0<strong>Accountability in the Substance<\/strong><\/span><\/li>\n<\/ol>\n<p style=\"text-align: justify;\"><span style=\"font-size: 12pt;\">Accountability takes different shapes depending on the institution concerned. The Executive is accountable to the Parliament; and Parliament to the electorate. Private financial institutions are accountable first and foremost to their shareholders, but when the leading shareholder becomes the State, then the entire population are stakeholders. <\/span><\/p>\n<p style=\"text-align: justify;\"><span style=\"font-size: 12pt;\">\u00a0<\/span><\/p>\n<p style=\"text-align: justify;\"><span style=\"font-size: 12pt;\">The directors of the three collapsed private banks are quickly replaced by the FME.<a title=\"\" href=\"#_ftn78\" name=\"_ftnref78\"><sup><sup>[78]<\/sup><\/sup><\/a> The governors of the Central Bank, however, only lost their positions following the change in government and the passing of a new law which renders them unqualified.<a title=\"\" href=\"#_ftn79\" name=\"_ftnref79\"><sup><sup>[79]<\/sup><\/sup><\/a> The two key politicians went on sick leave and a number of members of the administration did not stand for re-election in April 2009. The establishment of the Special Prosecutor\u2019s office<a title=\"\" href=\"#_ftn80\" name=\"_ftnref80\"><sup><sup>[80]<\/sup><\/sup><\/a> to investigate potential wrong-doing and the Special Investigative Commission<a title=\"\" href=\"#_ftn81\" name=\"_ftnref81\"><sup><sup>[81]<\/sup><\/sup><\/a> to analyse the principal causes of the crash and by so doing identify key participants, also point to accountability although the work of the Special Prosecutor has been slow. The former Prime Minister Haarde, stands at the time of writing before a special Court established by Al\u00feingi accused of dereliction of duty, although no other member of the Executive has been indicted.<a title=\"\" href=\"#_ftn82\" name=\"_ftnref82\"><sup><sup>[82]<\/sup><\/sup><\/a><\/span><\/p>\n<p style=\"text-align: justify;\"><span style=\"font-size: 12pt;\">\u00a0<\/span><\/p>\n<p style=\"text-align: justify;\"><span style=\"font-size: 12pt;\">Through the life of the programme, accountability was enhanced by improved supervisory processes of the FME<a title=\"\" href=\"#_ftn83\" name=\"_ftnref83\"><sup><sup>[83]<\/sup><\/sup><\/a> and higher standards for directors of financial institutions.<a title=\"\" href=\"#_ftn84\" name=\"_ftnref84\"><sup><sup>[84]<\/sup><\/sup><\/a><\/span><\/p>\n<p style=\"text-align: justify;\"><span style=\"font-size: 12pt;\">\u00a0<\/span><\/p>\n<p style=\"text-align: justify;\"><span style=\"font-size: 12pt;\">One institution remains above accountability in terms of the substance of the discussions and that is the IMF itself: to whom is it accountable? The IMF stated in August 2008 that: \u2018stress tests suggest that the [banking] system is resilient\u2019 and that: \u2018Iceland has strengthened its legal framework for effective banking supervision and enhanced the FME\u2019s capacity to supervise credit institutions. All the issues raised in the BCP assessment of 2003 have been addressed and the legal framework for banking supervision provides the FME with sufficient legal powers to perform its prudential tasks\u2019<a title=\"\" href=\"#_ftn85\" name=\"_ftnref85\"><sup><sup>[85]<\/sup><\/sup><\/a> concluding that Iceland\u2019s long-term prospects were \u2018enviable.\u2019<a title=\"\" href=\"#_ftn86\" name=\"_ftnref86\"><sup><sup>[86]<\/sup><\/sup><\/a> This might be viewed as a failure of due diligence on the part of the IMF itself, yet no explanation has been forthcoming, let alone an apology or sanction.<\/span><\/p>\n<p style=\"text-align: justify;\"><span style=\"font-size: 12pt;\">\u00a0<\/span><\/p>\n<p style=\"text-align: justify;\"><span style=\"font-size: 12pt;\">\u00a0<\/span><\/p>\n<ol style=\"text-align: justify;\" start=\"3\">\n<li><span style=\"font-size: 12pt;\">\u00a0\u00a0\u00a0\u00a0\u00a0<strong>Participation in the Substance<\/strong><\/span><\/li>\n<\/ol>\n<p style=\"text-align: justify;\"><span style=\"font-size: 12pt;\">Participation has been a key element in the analysis of the process of the IMF-Iceland agreements but inside Iceland, the implementation of the agreement by the Icelandic authorities also requires meaningful participation by those affected by reforms. On the one hand, creditors and other market agents are involved in negotiations (e.g. on compensation for bank nationalisation).<a title=\"\" href=\"#_ftn87\" name=\"_ftnref87\"><sup><sup>[87]<\/sup><\/sup><\/a> On the other hand, social partners (primarily trade unions) are in regular consultation, agreeing, for example, to wage restraints or even cuts, and the IMF encourages Iceland to maintain the stability pact with the unions.<a title=\"\" href=\"#_ftn88\" name=\"_ftnref88\"><sup><sup>[88]<\/sup><\/sup><\/a>\u00a0 On the other hand, there is little evidence of the participation of stakeholders in the capital controls policy (see next section) and information appears to flow very much in one direction: from Iceland to the owners of reserves who are advised of the situation but do not appear to influence it.<\/span><\/p>\n<p style=\"text-align: justify;\"><span style=\"font-size: 12pt;\">\u00a0<\/span><\/p>\n<p style=\"text-align: justify;\"><span style=\"font-size: 12pt;\">Democratic participation is ensured by the election in Spring 2009 and two referenda on Icesave, about which the IMF pointedly does not intervene or express a public opinion.<a title=\"\" href=\"#_ftn89\" name=\"_ftnref89\"><sup><sup>[89]<\/sup><\/sup><\/a> Al\u00feingi as the principal democratic forum of the Icelandic State is repeatedly involved in legislative reforms, although it is not always clear how much genuine discussion and influence it has, and how much they act as a rubber-stamp for executive led policy.<a title=\"\" href=\"#_ftn90\" name=\"_ftnref90\"><sup><sup>[90]<\/sup><\/sup><\/a> <\/span><\/p>\n<p style=\"text-align: justify;\"><span style=\"font-size: 12pt;\">\u00a0<\/span><\/p>\n<p style=\"text-align: justify;\"><span style=\"font-size: 12pt;\">Well organised domestic constituencies secured the ear of government<a title=\"\" href=\"#_ftn91\" name=\"_ftnref91\"><sup><sup>[91]<\/sup><\/sup><\/a> and a working group was established on home loans with representatives of debtors and industry<a title=\"\" href=\"#_ftn92\" name=\"_ftnref92\"><sup><sup>[92]<\/sup><\/sup><\/a> but the IMF repeatedly presses Iceland not to succumb to pressure to offer further assistance to some groups owing to the likelihood that the costs would be borne by the more vulnerable.<a title=\"\" href=\"#_ftn93\" name=\"_ftnref93\"><sup><sup>[93]<\/sup><\/sup><\/a> This might be viewed as an interference with democratic participation and a pressure to remain inflexible in the face of domestic opposition; on the other hand, the justifications of the Icelandic administration and the IMF in this regard are substantively valid. In other areas, consultation with less well organised groups has been less convincing.<a title=\"\" href=\"#_ftn94\" name=\"_ftnref94\"><sup><sup>[94]<\/sup><\/sup><\/a><\/span><\/p>\n<p style=\"text-align: justify;\"><span style=\"font-size: 12pt;\">\u00a0<\/span><\/p>\n<p style=\"text-align: justify;\"><span style=\"font-size: 12pt;\">In some cases, democratic participation in implementing radical cost-saving measures came at the cost of transparency and accountability, as targets were passed down from on-high to local authority or administrative centres so that it became unclear who made the decisions to cut what and on what basis.<a title=\"\" href=\"#_ftn95\" name=\"_ftnref95\"><sup><sup>[95]<\/sup><\/sup><\/a><\/span><\/p>\n<p style=\"text-align: justify;\"><span style=\"font-size: 12pt;\">\u00a0<\/span><\/p>\n<p style=\"text-align: justify;\"><span style=\"font-size: 12pt;\">\u00a0<\/span><\/p>\n<ol style=\"text-align: justify;\" start=\"4\">\n<li><span style=\"font-size: 12pt;\">\u00a0\u00a0\u00a0\u00a0\u00a0<strong>Rule of Law in the Substance<\/strong><\/span><\/li>\n<\/ol>\n<p style=\"text-align: justify;\"><span style=\"font-size: 12pt;\">The rule of law is held in high regard and \u2018fair and equitable\u2019 treatment of creditors and non-discrimination on the basis of nationality are core values throughout.<a title=\"\" href=\"#_ftn96\" name=\"_ftnref96\"><sup><sup>[96]<\/sup><\/sup><\/a> By far the most challenging issue pertaining to the rule of law is the foreign exchange controls. The controls are accepted by the IMF as they are \u2018temporary and non-discriminatory\u2019 notwithstanding their retrospective effects (money has been invested on the assumption it can be easily withdrawn) and a significant shortage of legal certainty since even at the end of the programme, no time-line for liberalising these is released.<a title=\"\" href=\"#_ftn97\" name=\"_ftnref97\"><sup><sup>[97]<\/sup><\/sup><\/a> Equality before the law is gradually enhanced over the programme as loopholes are reduced and oversight enhanced.<a title=\"\" href=\"#_ftn98\" name=\"_ftnref98\"><sup><sup>[98]<\/sup><\/sup><\/a> Although Iceland is the only IMF country to have introduced foreign exchange controls (introduced before the official involvement of the IMF), and the IMF is initially wary, by the end of the programme, it is the IMF entreating Iceland not to rush to reduce these and to remain prepared to modify their plans to liberalise in light of changing circumstances.<a title=\"\" href=\"#_ftn99\" name=\"_ftnref99\"><sup><sup>[99]<\/sup><\/sup><\/a> In sum, the IMF credits the stability of the Icelandic kronur to the capital controls.<a title=\"\" href=\"#_ftn100\" name=\"_ftnref100\"><sup><sup>[100]<\/sup><\/sup><\/a> <\/span><\/p>\n<p style=\"text-align: justify;\"><span style=\"font-size: 12pt;\">\u00a0<\/span><\/p>\n<p style=\"text-align: justify;\"><span style=\"font-size: 12pt;\">Litigation risks are a concern of the IMF as challenges to laws bode ill for the fiscal planning and in this regard the Supreme Court ruling on foreign currency loans is cited, though legal certainty in this particular matter is swiftly resolved through Al\u00feingi legislation and a supplementary ruling.<a title=\"\" href=\"#_ftn101\" name=\"_ftnref101\"><sup><sup>[101]<\/sup><\/sup><\/a> A deluge of Court cases (e.g. bankruptcy proceedings and challenges to validity of debt contracts) also threatens the efficiency of the Court system and with this in mind, additional judges are appointed.<a title=\"\" href=\"#_ftn102\" name=\"_ftnref102\"><sup><sup>[102]<\/sup><\/sup><\/a><\/span><\/p>\n<p style=\"text-align: justify;\"><span style=\"font-size: 12pt;\">\u00a0<\/span><\/p>\n<p style=\"text-align: justify;\"><span style=\"font-size: 12pt;\">\u00a0<\/span><\/p>\n<ol style=\"text-align: justify;\" start=\"5\">\n<li><span style=\"font-size: 12pt;\">\u00a0\u00a0\u00a0 <strong>Human Rights in the Substance<\/strong><\/span><\/li>\n<\/ol>\n<p style=\"text-align: justify;\"><span style=\"font-size: 12pt;\">In economic crisis, extensive cuts to public services have impacts on human rights and Iceland is no different, witnessing substantial decreases in education, social security and health-care budgets as well as cuts in the legal system and to policing.<a title=\"\" href=\"#_ftn103\" name=\"_ftnref103\"><sup><sup>[103]<\/sup><\/sup><\/a> <\/span><\/p>\n<p style=\"text-align: justify;\"><span style=\"font-size: 12pt;\">\u00a0<\/span><\/p>\n<p style=\"text-align: justify;\"><span style=\"font-size: 12pt;\">The IMF addresses unemployment which, in light of the ICESCR, is a matter of human rights, although they approach this from a macroeconomic standpoint, rather than as a human rights issue.<sup> <a title=\"\" href=\"#_ftn104\" name=\"_ftnref104\"><sup>[104]<\/sup><\/a><\/sup>\u00a0<\/span><\/p>\n<p style=\"text-align: justify;\"><span style=\"font-size: 12pt;\">\u00a0<\/span><\/p>\n<p style=\"text-align: justify;\"><span style=\"font-size: 12pt;\">A change in emphasis is apparent between the first letter of intent in November 2008 and the later interactions of the Icelandic government with the IMF which corresponds with the change in government. This shift may not be wholly attributable to the change in government as the panic of the Fall of 2008 left a number matters off the agenda; but the new administration is certainly keen to take credit for it.<a title=\"\" href=\"#_ftn105\" name=\"_ftnref105\"><sup><sup>[105]<\/sup><\/sup><\/a> The move is from guaranteeing the vested rights of creditors to a conscious attempt to maintain the \u2018Nordic welfare model,\u2019 defending public services and protecting the most vulnerable members of the population.<a title=\"\" href=\"#_ftn106\" name=\"_ftnref106\"><sup><sup>[106]<\/sup><\/sup><\/a> On the one hand, the IMF recognises that choices of where to direct spending are a sovereign matter and certainly observes rather than leads this priority; but on the other hand, the IMF \u2018welcomes\u2019 Iceland\u2019s efforts to preserve \u2018key features of the social safety net\u2019<a title=\"\" href=\"#_ftn107\" name=\"_ftnref107\"><sup><sup>[107]<\/sup><\/sup><\/a> and expresses concern that further public absorption of private sector losses would likely translate into further cuts affecting the most vulnerable.<a title=\"\" href=\"#_ftn108\" name=\"_ftnref108\"><sup><sup>[108]<\/sup><\/sup><\/a><\/span><\/p>\n<p style=\"text-align: justify;\"><span style=\"font-size: 12pt;\">\u00a0<\/span><\/p>\n<p style=\"text-align: justify;\"><span style=\"font-size: 12pt;\">As well as attempting to preserve the economic and social rights of the most vulnerable, the Icelandic administration establishes the Debtor\u2019s Ombudsman which primarily assists the \u2018new poor\u2019 \u2013 those formerly comfortable families who are caught in an unsustainable debt trap and the Ombudsman not only responds to requests for support but actively contacts families threatened with home dispossession.<a title=\"\" href=\"#_ftn109\" name=\"_ftnref109\"><sup><sup>[109]<\/sup><\/sup><\/a><\/span><\/p>\n<p style=\"text-align: justify;\"><span style=\"font-size: 12pt;\">\u00a0<\/span><\/p>\n<p style=\"text-align: justify;\"><span style=\"font-size: 12pt;\">Nevertheless, it should be clear that the approach is very much one of preserving welfare rather than a defence of human rights and at no point is the term human rights adopted in relation to these issues.<a title=\"\" href=\"#_ftn110\" name=\"_ftnref110\"><sup><sup>[110]<\/sup><\/sup><\/a><\/span><\/p>\n<p style=\"text-align: justify;\"><span style=\"font-size: 12pt;\">\u00a0<\/span><\/p>\n<p style=\"text-align: justify;\"><span style=\"font-size: 12pt;\">\u00a0<\/span><\/p>\n<p style=\"text-align: justify;\"><span style=\"font-size: 12pt;\">\u00a0<\/span><\/p>\n<p style=\"text-align: justify;\"><span style=\"font-size: 12pt;\"><strong>VI \u00a0\u00a0\u00a0\u00a0\u00a0\u00a0\u00a0 HERE BE ELEPHANTS <\/strong><\/span><\/p>\n<p style=\"text-align: justify;\"><span style=\"font-size: 12pt;\">Some doubts about the genuine extent of transparency are encouraged by the scant attention paid in the published documents pertaining to a number of key economic issues. They include the matters of Icesave and renewable natural resources (fish and energy). In each case, the IMF can rightly conclude that it is a matter of domestic concern but the IMF, concerned primarily with the ability of Iceland to repay its debts and to prevent another crash, must acknowledge the macro-economic uncertainty that attaches to these issues.\u00a0 <\/span><\/p>\n<p style=\"text-align: justify;\"><span style=\"font-size: 12pt;\">\u00a0<\/span><\/p>\n<p style=\"text-align: justify;\"><span style=\"font-size: 12pt;\">\u00a0<\/span><\/p>\n<p style=\"text-align: justify;\"><span style=\"font-size: 12pt;\"><strong>\u00a0A. \u00a0Icesave<\/strong><\/span><\/p>\n<p style=\"text-align: justify;\"><span style=\"font-size: 12pt;\">Possibly the most politicised aspect of the entire crisis and resulting national debt is the repayment of the Icesave compensation. The Icesave issue revolved around on-line savings accounts launched by Landsbanki in the United Kingdom (Fall 2006) and the Netherlands (Spring 2008) under the brand \u2018Icesave\u2019.<a title=\"\" href=\"#_ftn111\" name=\"_ftnref111\"><sup><sup>[111]<\/sup><\/sup><\/a> After the collapse of the Icelandic banks, the deposits held in Icelandic branches were transferred to a new State owned bank, which meant that domestic depositors in Landbanki had full access to their accounts whereas deposits in the foreign based Icesave accounts were frozen.<a title=\"\" href=\"#_ftn112\" name=\"_ftnref112\"><sup><sup>[112]<\/sup><\/sup><\/a> The British and Dutch governments compensated their own Icesave depositors, then demanded repayment based on the view that Iceland had violated the Agreement on the European Economic Area<a title=\"\" href=\"#_ftn113\" name=\"_ftnref113\"><sup><sup>[113]<\/sup><\/sup><\/a> by not compensating Icesave depositors, a view supported by the European Free Trade Association Surveillance Agency (ESA).<a title=\"\" href=\"#_ftn114\" name=\"_ftnref114\"><sup><sup>[114]<\/sup><\/sup><\/a> Eventually, the Icelandic government agreed to a political solution, rather than a legal one, and negotiations for a loan agreement commenced. Despite two separate agreements being reached both of which were passed in Al\u00feingi, the Icelandic people rejected the agreements in two separate referenda invoked by the President under article 26 of the Icelandic Constitution, the first on 6 March 2010,<a title=\"\" href=\"#_ftn115\" name=\"_ftnref115\"><sup><sup>[115]<\/sup><\/sup><\/a> and the second on 9 April 2011.<a title=\"\" href=\"#_ftn116\" name=\"_ftnref116\"><sup><sup>[116]<\/sup><\/sup><\/a> It is interesting how much attention was paid to the Icesave issue considering that already in October 2008, the assets of Landsbanki were expected to cover the Icesave deposits,<a title=\"\" href=\"#_ftn117\" name=\"_ftnref117\"><sup><sup>[117]<\/sup><\/sup><\/a> and recent estimates indicate that they will cover the debt in full.<a title=\"\" href=\"#_ftn118\" name=\"_ftnref118\"><sup><sup>[118]<\/sup><\/sup><\/a> To put it into perspective, the government debt level at the end of 2010 was expected to be 130% of GDP including the Icesave debt of approximately 15% GDP, assuming a recovery rate of only 88%.<a title=\"\" href=\"#_ftn119\" name=\"_ftnref119\"><sup><sup>[119]<\/sup><\/sup><\/a><\/span><\/p>\n<p style=\"text-align: justify;\"><span style=\"font-size: 12pt;\">\u00a0<\/span><\/p>\n<p style=\"text-align: justify;\"><span style=\"font-size: 12pt;\">Domestically, speculation was rife that the United Kingdom and the Netherland would veto a rescue package for Iceland in the absence of a blanket promise of repayment and Iceland\u2019s response to the ESA in May 2011 bemoans this alleged strong-arming by the United Kingdom and the Netherlands of Iceland through the IMF.<a title=\"\" href=\"#_ftn120\" name=\"_ftnref120\"><sup><sup>[120]<\/sup><\/sup><\/a> The IMF twice denies this in response to inquiries from the public.<a title=\"\" href=\"#_ftn121\" name=\"_ftnref121\"><sup><sup>[121]<\/sup><\/sup><\/a> Within the IMF-Iceland agreements, Icesave is only discussed when the IMF believes it to be a done deal, the second agreement having been approved by Al\u00feingi and not yet sent to referendum.<a title=\"\" href=\"#_ftn122\" name=\"_ftnref122\"><sup><sup>[122]<\/sup><\/sup><\/a> Following this second referendum, the IMF nonchalantly reclassifies it as a \u2018contingent liability\u2019 and an additional risk and carries on.<a title=\"\" href=\"#_ftn123\" name=\"_ftnref123\"><sup><sup>[123]<\/sup><\/sup><\/a> It remains a \u2018large risk\u2019 when the programme draws to a close in August 2011. The only clue we have as to the IMF\u2019s interest in Icesave, is in a conference call in June 2011 in which a representative from the IMF described it as:<\/span><\/p>\n<p style=\"text-align: justify;\"><span style=\"font-size: 12pt;\"><em>one of the key issues that we assessed when we visited Iceland in late April, early May. We wanted to try to get a better picture of what the possible implications of the Icesave referendum could be on the investment climate, on the authorities\u2019 ability to tap international capital markets and our assessment was that there may be some effects but these effects at the moment appear to be relatively minimal<\/em>.<a title=\"\" href=\"#_ftn124\" name=\"_ftnref124\"><sup><sup>[124]<\/sup><\/sup><\/a><\/span><\/p>\n<p style=\"text-align: justify;\"><span style=\"font-size: 12pt;\">\u00a0<\/span><\/p>\n<p style=\"text-align: justify;\"><span style=\"font-size: 12pt;\">However, yet again, the lack of published meeting records makes it impossible to assess the IMF\u2019s policy on Icesave, if indeed, they had one at all. On the other hand, the fact that the IMF has been and gone, notwithstanding the Icesave dispute and the fact that it remains the subject of international litigation suggests the implausibility of the view that the IMF-Iceland programme pivoted on the matter. Nevertheless, improved and timely transparency would have mitigated many of the domestic concerns.<\/span><\/p>\n<p style=\"text-align: justify;\"><span style=\"font-size: 12pt;\">\u00a0<\/span><\/p>\n<p style=\"text-align: justify;\"><span style=\"font-size: 12pt;\">\u00a0<\/span><\/p>\n<p style=\"text-align: justify;\"><span style=\"font-size: 12pt;\"><strong>B. \u00a0Natural energy resources<\/strong><\/span><\/p>\n<p style=\"text-align: justify;\"><span style=\"font-size: 12pt;\">The IMF regards Iceland\u2019s \u2018bountiful renewable natural resources\u2019<a title=\"\" href=\"#_ftn125\" name=\"_ftnref125\"><sup><sup>[125]<\/sup><\/sup><\/a> as a core strength underlying the economy, a resource that might be \u2018tapped\u2019 to boost foreign exchange earnings and repay foreign creditors.<a title=\"\" href=\"#_ftn126\" name=\"_ftnref126\"><sup><sup>[126]<\/sup><\/sup><\/a> Following the change of government, the IMF recognises the domestic controversy regarding exploitation and foreign investment<a title=\"\" href=\"#_ftn127\" name=\"_ftnref127\"><sup><sup>[127]<\/sup><\/sup><\/a> and reiterates in its public statements that it is a matter of \u2018national sovereignty\u2019 and that foreign direct investment in energy resources is \u2018not a condition\u2019 of IMF assistance.<a title=\"\" href=\"#_ftn128\" name=\"_ftnref128\"><sup><sup>[128]<\/sup><\/sup><\/a> At the same time, the IMF appears to view domestic restrictions on foreign investment in the energy sector as \u2018regulatory hurdles\u2019 and sees these \u2018barriers\u2019 as a threat to growth;<a title=\"\" href=\"#_ftn129\" name=\"_ftnref129\"><sup><sup>[129]<\/sup><\/sup><\/a>\u00a0 elsewhere the approach seems to be that exploitation to support energy-intensive industry is inevitable, subject only to \u2018delays\u2019<a title=\"\" href=\"#_ftn130\" name=\"_ftnref130\"><sup><sup>[130]<\/sup><\/sup><\/a> rather than acknowledging that a democratic government may never permit exploitation if there is sufficient domestic opposition. Iceland seeks technical assistance from the IMF in the form of a research paper exploring the possibilities for taxation of natural resources and this is published in May 2011; it is not, however, a formal part of the programme but rather provides analysis on which the Icelandic administration can make sovereign decisions.<a title=\"\" href=\"#_ftn131\" name=\"_ftnref131\"><sup><sup>[131]<\/sup><\/sup><\/a> It would not be true, then, to say that natural energy resources are never mentioned but references are so scant and devoid of substance that again, it would be enlightening to review meeting records either to confirm or disprove that the IMF had a policy in this regard.<\/span><\/p>\n<p style=\"text-align: justify;\"><span style=\"font-size: 12pt;\">\u00a0<\/span><\/p>\n<p style=\"text-align: justify;\"><span style=\"font-size: 12pt;\">\u00a0<\/span><\/p>\n<p style=\"text-align: justify;\"><span style=\"font-size: 12pt;\"><strong>C. \u00a0Fishing quotas<\/strong><\/span><\/p>\n<p style=\"text-align: justify;\"><span style=\"font-size: 12pt;\">Most astonishing of all is the paucity of reference to the fishing industry and the controversial individual transferable quotas (ITQs), introduced in 1984.<a title=\"\" href=\"#_ftn132\" name=\"_ftnref132\"><sup><sup>[132]<\/sup><\/sup><\/a> A 1997 law that permitted them to be used as collateral against borrowing provided the injection of cash on which the Icelandic \u2018miracle\u2019 was founded.<a title=\"\" href=\"#_ftn133\" name=\"_ftnref133\"><sup><sup>[133]<\/sup><\/sup><\/a> The vast majority of funds raised were invested in unrelated industries and this was encouraged by the administration of the time and its many cheerleaders.<a title=\"\" href=\"#_ftn134\" name=\"_ftnref134\"><sup><sup>[134]<\/sup><\/sup><\/a> By 2000, it had become apparent that the quotas were too highly leveraged; and by 2008 the nominal value of the quotas amounted to approximately 50 times the annual profits of the entire industry.<a title=\"\" href=\"#_ftn135\" name=\"_ftnref135\"><sup><sup>[135]<\/sup><\/sup><\/a> Reflecting opposed political values and spurred on by the 2007 View of the United Nations Human Rights Committee that the system is unlawfully discriminatory,<a title=\"\" href=\"#_ftn136\" name=\"_ftnref136\"><sup><sup>[136]<\/sup><\/sup><\/a> the current administration is attempting to reform the system and re-nationalise the fishing quotas. Unsurprisingly, these attempts are facing intense opposition from the vested interests of the quota holders, the banks and related sectors.<a title=\"\" href=\"#_ftn137\" name=\"_ftnref137\"><sup><sup>[137]<\/sup><\/sup><\/a> Any sudden renationalisation would create an enormous black hole in the balance sheets of the Icelandic banks which accepted the ITQs as collateral and would likely precipitate a repeat of the 2008 crash. Even gradual recapture for redistribution seriously threatens their collateral value and creates exactly the kind of uncertainty that can lead to a run.<a title=\"\" href=\"#_ftn138\" name=\"_ftnref138\"><sup><sup>[138]<\/sup><\/sup><\/a><\/span><\/p>\n<p style=\"text-align: justify;\"><span style=\"font-size: 12pt;\">\u00a0<\/span><\/p>\n<p style=\"text-align: justify;\"><span style=\"font-size: 12pt;\">Buried in a table in the August 2008 report of the IMF, the extensive debts of the fishing industry are acknowledged<a title=\"\" href=\"#_ftn139\" name=\"_ftnref139\"><sup><sup>[139]<\/sup><\/sup><\/a> and in April 2010, the IMF includes a graph of foreign exchange debt exposure which includes the fishing industry,<a title=\"\" href=\"#_ftn140\" name=\"_ftnref140\"><sup><sup>[140]<\/sup><\/sup><\/a> so there can be no doubt that the IMF is well aware of the extent of the problem. Nevertheless, despite these two minor references, it is never discussed in the text and there are no other substantive references to the leveraging issue. Since minutes of the meetings between the IMF and Icelandic authorities are not available, one cannot begin to speculate as to what passed on the matter but it is inconceivable that the issue was never raised.\u00a0<\/span><\/p>\n<p style=\"text-align: justify;\"><span style=\"font-size: 12pt;\">\u00a0<\/span><\/p>\n<p style=\"text-align: justify;\"><span style=\"font-size: 12pt;\">\u00a0<\/span><\/p>\n<p style=\"text-align: justify;\"><span style=\"font-size: 12pt;\">\u00a0<\/span><\/p>\n<p style=\"text-align: justify;\"><span style=\"font-size: 12pt;\"><strong>VI\u00a0\u00a0\u00a0\u00a0\u00a0\u00a0\u00a0\u00a0 KEY FINDINGS AND CONCLUSIONS <\/strong><\/span><\/p>\n<p style=\"text-align: justify;\"><span style=\"font-size: 12pt;\">\u00a0<\/span><\/p>\n<p style=\"text-align: justify;\"><span style=\"font-size: 12pt;\">Based on the information available, it can be concluded that on the whole, good governance was broadly exercised in the IMF-Iceland relations 2008-2011. However, it is precisely the information that is not available that is needed to fully evaluate the programme, highlighting the limitations that arise when transparency is wanting. This review confirms one key feature of most theoretical accounts of good governance: namely, that transparency underlies all of good governance and that lack of transparency has negative repercussions for its other dimensions. The lack of transparency, most notable in the early months but continuing through the programme in the absence of published minutes and publication of policies only after they had been agreed, made it difficult to evaluate other aspects of the process and impacted also on the review of the domestic implementation of the programme.\u00a0\u00a0\u00a0 <\/span><\/p>\n<p style=\"text-align: justify;\"><span style=\"font-size: 12pt;\">\u00a0<\/span><\/p>\n<p style=\"text-align: justify;\"><span style=\"font-size: 12pt;\">The fact that the IMF is not accountable to the Icelandic people compounds the lack of information especially considering the constitutional role of the Al\u00feingi as the proper legislative forum. The Al\u00feingi had been already reduced in status to de facto subsidiary of the executive branch in the years leading up to the crisis. In that light, the \u2018elephants in the room\u2019 \u2013 Icesave and management of natural resources \u2013 which are barely mentioned in the published documentation but must have been subjects of IMF interest, encourage speculation that the IMF was steering domestic law and policy in these areas.<\/span><\/p>\n<p style=\"text-align: justify;\"><span style=\"font-size: 12pt;\">\u00a0<\/span><\/p>\n<p style=\"text-align: justify;\"><span style=\"font-size: 12pt;\">On the other hand, at domestic level, the IMF encourages improvements in corporate transparency and accountability and the Al\u00feingi establishes the SIC and the Special Prosecutor in attempts to hold accountable those public officials deemed in some way culpable for the crisis. Policy decisions are \u2018sovereign\u2019 matters which leaves the accountability for the tax and spend decisions ostensibly in executive and legislative hands (as opposed to the IMF) where it is most suited as it is these domestic institutions that bear responsibility.<\/span><\/p>\n<p style=\"text-align: justify;\"><span style=\"font-size: 12pt;\">\u00a0<\/span><\/p>\n<p style=\"text-align: justify;\"><span style=\"font-size: 12pt;\">Limited availability of material in Icelandic is perhaps forgivable given the cost of translation and the urgent financial pressures on government budgets, especially in a country where the majority of the population have reading competency in English. Nevertheless, it would have cost nothing to have established a single website to collate all the material pertaining to the IMF programme as it is one of the most significant international agreements that Iceland has ever entered into with direct and indirect impacts on current and future generations of Icelandic residents. The IMF has a country specific page for Iceland; but what Icelandic material the authors collected was obtained from various, scattered Icelandic government websites.\u00a0 <\/span><\/p>\n<p style=\"text-align: justify;\"><span style=\"font-size: 12pt;\">\u00a0<\/span><\/p>\n<p style=\"text-align: justify;\"><span style=\"font-size: 12pt;\">Participation by stakeholders on all sides was limited in the IMF-Icelandic negotiations which is perhaps understandable as the Icelandic executive represents domestic interests in international affairs; on the other hand, at the substantive level of implementation, concerted efforts were made to include creditors, employers\u2019 organisations, trade unions, and non-governmental organisations. Where participation is most lacking, at least as regards effectiveness, is in the biggest rule of law challenge under the programme: the capital controls. Stakeholders were informed rather than consulted and the controls remain in place at the time of writing. Democratic participation is defended to the full by virtue of one general election and two referenda: this was no time to save on costs by not holding these plebiscites. At no time does the IMF express any concerns about the results of these elections and accepts the expressed democratic will on the second Icesave, notwithstanding that they had eagerly welcomed the agreement. Thus can the IMF be said to have respected elements of participation, rule of law and human rights (civil and political rights).\u00a0 The change of government also coincided with an increased attention to welfare matters, without, however, employing the language of human rights. This is clearly a matter of domestic policy into which the IMF does not appear to intervene, but nonetheless, the IMF speaks positively of the government\u2019s efforts to protect those who are most vulnerable in the downturn.<\/span><\/p>\n<p style=\"text-align: justify;\"><span style=\"font-size: 12pt;\">\u00a0<\/span><\/p>\n<p style=\"text-align: justify;\"><span style=\"font-size: 12pt;\">Scope for further research is wide; for example, to what extent did the IMF-Iceland relationship and the IMF\u2019s emphasis on governance translate into domestic law and policy more generally? Were there substantive improvements domestically following the programme beyond the financial sector? How does the IMF\u2019s approach in Iceland compare with its work elsewhere? Does it truly exercise \u2018an even-handed treatment of governance issues in all member countries\u2019?<a title=\"\" href=\"#_ftn141\" name=\"_ftnref141\"><sup><sup>[141]<\/sup><\/sup><\/a> Nevertheless, the authors hope that within its paradigms and on the basis of the limited available material, this review provides insight into the principles of good governance in the IMF-Iceland relationship between 2008 and 2011. <\/span><\/p>\n<p style=\"text-align: justify;\">\n<p style=\"text-align: justify;\">\n<p style=\"text-align: justify;\" align=\"center\"><strong>APPENDIX I<br \/>\nCHRONOLOGY OF EVENTS <\/strong><\/p>\n<p style=\"text-align: justify;\" align=\"center\">\n<table border=\"1\" cellspacing=\"0\" cellpadding=\"0\">\n<tbody>\n<tr>\n<td valign=\"top\" width=\"71\">DATE<\/td>\n<td valign=\"top\" width=\"388\">ACTION<\/td>\n<\/tr>\n<tr>\n<td valign=\"top\" width=\"71\">4<sup>th<\/sup> July 2008<\/td>\n<td valign=\"top\" width=\"388\">IMF Article IV consultation on Iceland.<\/td>\n<\/tr>\n<tr>\n<td valign=\"top\" width=\"71\">19<sup>th<\/sup> Aug. 2008<\/td>\n<td valign=\"top\" width=\"388\">IMF Financial System Stability Report on Iceland.<\/td>\n<\/tr>\n<tr>\n<td valign=\"top\" width=\"71\">15<sup>th<\/sup> Sep. 2008<\/td>\n<td valign=\"top\" width=\"388\">Lehman brothers bankruptcy.<\/td>\n<\/tr>\n<tr>\n<td valign=\"top\" width=\"71\">29<sup>th<\/sup> Sep. 08<\/td>\n<td valign=\"top\" width=\"388\">FME takes over Glitnir.<\/td>\n<\/tr>\n<tr>\n<td valign=\"top\" width=\"71\">1<sup>st<\/sup> Oct. 2008<\/td>\n<td valign=\"top\" width=\"388\">2009 Budget proposal presented to Al\u00feingi<\/td>\n<\/tr>\n<tr>\n<td valign=\"top\" width=\"71\">6<sup>th<\/sup> Oct. 2008<\/td>\n<td valign=\"top\" width=\"388\">Trading suspended in Icelandic exchance; \u2018God Bless Iceland\u2019 speech (Haarde).<\/td>\n<\/tr>\n<tr>\n<td valign=\"top\" width=\"71\">7<sup>th<\/sup> Oct. 2008<\/td>\n<td valign=\"top\" width=\"388\">Landsbanki &amp; Glitnir nationalised; boards dismissed &amp; FME takes control.<\/td>\n<\/tr>\n<tr>\n<td valign=\"top\" width=\"71\">8<sup>th<\/sup> Oct. 2008<\/td>\n<td valign=\"top\" width=\"388\">UK \u2018counter-terrorism\u2019 legislation invoked; Kaup\u00feing nationalised.<\/td>\n<\/tr>\n<tr>\n<td valign=\"top\" width=\"71\">27<sup>th<\/sup> Oct. 2008 \u2013 12<sup>th<\/sup> Jan. 2009<\/td>\n<td valign=\"top\" width=\"388\">Open Civil Meetings held and group of interested citizens in communication with IMF<\/td>\n<\/tr>\n<tr>\n<td valign=\"top\" width=\"71\">15<sup>th<\/sup> Nov, 2008<\/td>\n<td valign=\"top\" width=\"388\">1st letter of intent<\/td>\n<\/tr>\n<tr>\n<td valign=\"top\" width=\"71\">17<sup>th<\/sup> Nov. 2008<\/td>\n<td valign=\"top\" width=\"388\">DV publishes part of 1st Letter of intent; Resolution 1\/136 proposed in Al\u00feingi.<\/td>\n<\/tr>\n<tr>\n<td valign=\"top\" width=\"71\">25<sup>th<\/sup> Nov. 2008<\/td>\n<td valign=\"top\" width=\"388\">IMF Staff report on Iceland\u2019s 1st Letter of Intent.<\/td>\n<\/tr>\n<tr>\n<td valign=\"top\" width=\"71\">11<sup>th<\/sup> Dec. 2008<\/td>\n<td valign=\"top\" width=\"388\">Revised Budget presented to Budget Committee of the Al\u00feingi.<\/td>\n<\/tr>\n<tr>\n<td valign=\"top\" width=\"71\">15<sup>th<\/sup> Dec. 2008<\/td>\n<td valign=\"top\" width=\"388\">Second discussion on 2009 Budget and the new amendments.<\/td>\n<\/tr>\n<tr>\n<td valign=\"top\" width=\"71\">22<sup>nd<\/sup> Dec. 2008<\/td>\n<td valign=\"top\" width=\"388\">2009 Budget passed in Al\u00feingi.<\/td>\n<\/tr>\n<tr>\n<td valign=\"top\" width=\"71\">24<sup>th<\/sup> Dec. 2008<\/td>\n<td valign=\"top\" width=\"388\">IMF interim review of Iceland package released.<\/td>\n<\/tr>\n<tr>\n<td valign=\"top\" width=\"71\">22<sup>nd<\/sup> Jan. 2009<\/td>\n<td valign=\"top\" width=\"388\">Teargas used against protesters in Reykjav\u00edk.<\/td>\n<\/tr>\n<tr>\n<td valign=\"top\" width=\"71\">23<sup>rd<\/sup> Jan. 2009<\/td>\n<td valign=\"top\" width=\"388\">Prime Minister Geir Haarde resigns on grounds of ill-health.<\/td>\n<\/tr>\n<tr>\n<td valign=\"top\" width=\"71\">27<sup>th<\/sup> Jan. 2009<\/td>\n<td valign=\"top\" width=\"388\">Minority administration, led by J\u00f3hanna Sigur\u00f0ard\u00f3ttir\u00a0 (Samfylgin\/Vinstri-Gr\u00e6ni, assisted by Frams\u00f3knaflokkurinn).<\/td>\n<\/tr>\n<tr>\n<td valign=\"top\" width=\"71\">25<sup>th<\/sup> April 2009<\/td>\n<td valign=\"top\" width=\"388\">Icelandic general election; Samfylgin\/Vinstri-Gr\u00e6ni majority.<\/td>\n<\/tr>\n<tr>\n<td valign=\"top\" width=\"71\">1<sup>st<\/sup> Oct. 2009<\/td>\n<td valign=\"top\" width=\"388\">2010 Budget proposal presented to Al\u00feingi.<\/td>\n<\/tr>\n<tr>\n<td valign=\"top\" width=\"71\">20<sup>th<\/sup> Oct. 2009<\/td>\n<td valign=\"top\" width=\"388\">2nd letter of intent.<\/td>\n<\/tr>\n<tr>\n<td valign=\"top\" width=\"71\">20<sup>th<\/sup> Oct. 2009<\/td>\n<td valign=\"top\" width=\"388\">IMF staff report on 2<sup>nd<\/sup> letter of intent.<\/td>\n<\/tr>\n<tr>\n<td valign=\"top\" width=\"71\">22<sup>nd<\/sup> Dec. 2009<\/td>\n<td valign=\"top\" width=\"388\">2010 Budget passed in Al\u00feingi.<\/td>\n<\/tr>\n<tr>\n<td valign=\"top\" width=\"71\">6<sup>th<\/sup> Mar. 2010<\/td>\n<td valign=\"top\" width=\"388\">Icesave I referendum (93% against).<\/td>\n<\/tr>\n<tr>\n<td valign=\"top\" width=\"71\">7<sup>th<\/sup> April 2010<\/td>\n<td valign=\"top\" width=\"388\">3rd letter of intent.<\/td>\n<\/tr>\n<tr>\n<td valign=\"top\" width=\"71\">8<sup>th<\/sup> April 2010<\/td>\n<td valign=\"top\" width=\"388\">IMF staff report on 3<sup>rd<\/sup> letter of intent.<\/td>\n<\/tr>\n<tr>\n<td valign=\"top\" width=\"71\">14<sup>th<\/sup> April 2010<\/td>\n<td valign=\"top\" width=\"388\">Eyjafjallaj\u00f6kull erupts.<\/td>\n<\/tr>\n<tr>\n<td valign=\"top\" width=\"71\">13<sup>th<\/sup> Sep. 2010<\/td>\n<td valign=\"top\" width=\"388\">4th letter of intent.<\/td>\n<\/tr>\n<tr>\n<td valign=\"top\" width=\"71\">13<sup>th<\/sup> Sep. 2010<\/td>\n<td valign=\"top\" width=\"388\">IMF staff report on 4<sup>th<\/sup> letter of intent.<\/td>\n<\/tr>\n<tr>\n<td valign=\"top\" width=\"71\">22<sup>nd<\/sup> Dec. 2010<\/td>\n<td valign=\"top\" width=\"388\">5<sup>th<\/sup> letter of intent<\/td>\n<\/tr>\n<tr>\n<td valign=\"top\" width=\"71\">22<sup>nd<\/sup> Dec. 2010<\/td>\n<td valign=\"top\" width=\"388\">IMF staff report on 5<sup>th<\/sup> letter of intent.<\/td>\n<\/tr>\n<tr>\n<td valign=\"top\" width=\"71\">9<sup>th<\/sup> April 2011<\/td>\n<td valign=\"top\" width=\"388\">Icesave II referendum (60% against).<\/td>\n<\/tr>\n<tr>\n<td valign=\"top\" width=\"71\">19<sup>th<\/sup> May 2011<\/td>\n<td valign=\"top\" width=\"388\">6th letter of intent; staff report same day.<\/td>\n<\/tr>\n<tr>\n<td valign=\"top\" width=\"71\">19<sup>th<\/sup> May 2011<\/td>\n<td valign=\"top\" width=\"388\">IMF staff report on 6<sup>th<\/sup> letter of intent.<\/td>\n<\/tr>\n<tr>\n<td valign=\"top\" width=\"71\">21<sup>st<\/sup> May 2011<\/td>\n<td valign=\"top\" width=\"388\">Gr\u00edmsv\u00f6tn erupts.<\/td>\n<\/tr>\n<tr>\n<td valign=\"top\" width=\"71\">16<sup>th<\/sup> Aug. 2011<\/td>\n<td valign=\"top\" width=\"388\">7<sup>th<\/sup> letter of intent.<\/td>\n<\/tr>\n<tr>\n<td valign=\"top\" width=\"71\">16<sup>th<\/sup> Aug. 2011<\/td>\n<td valign=\"top\" width=\"388\">IMF staff report on 7<sup>th<\/sup> letter of intent.<\/td>\n<\/tr>\n<\/tbody>\n<\/table>\n<p style=\"text-align: justify;\">\n<p style=\"text-align: justify;\">\n<p style=\"text-align: left;\" align=\"center\"><strong>APPENDIX II<br \/>\nBIBLIOGRAPHY<\/strong><\/p>\n<p style=\"text-align: left;\"><strong>International Monetary Fund &#8211; Iceland Published Documentation August 2008 \u2013 January 2012<\/strong><br \/>\n(NB for ease of reference, these are listed chronologically)<\/p>\n<p style=\"text-align: left;\">IMF, \u2018Iceland the IMF\u2019 Country Info Page &lt;<a href=\"http:\/\/www.imf.org\/external\/country\/ISL\/index.htm?pn=0&gt;\">http:\/\/www.imf.org\/external\/country\/ISL\/index.htm?pn=0&gt;<\/a> (accessed March 22, 2012).<\/p>\n<p style=\"text-align: left;\">IMF, Iceland 2008 Article IV Consultation Concluding Statement, July 4, 2008.<\/p>\n<p style=\"text-align: left;\">IMF, Iceland, Financial System Stability Assessment Update, August 19, 2008, IMF Country Report No. 08\/386 (published December 2008).<\/p>\n<p style=\"text-align: left;\">IMF, Iceland: 2008 Article IV Consultation, Staff Report, IMF Country Report No. 08\/367, August 20, 2008 (published December 2008).<\/p>\n<p style=\"text-align: left;\">IMF, \u2018IMF Executive Board Concludes 2008 Article IV Consultation with Iceland\u2019 Public Information Notice No. 08\/120, September 19, 2008.<\/p>\n<p style=\"text-align: left;\">IMF, \u2018IMF and Iceland Outline $2.1 Billion Loan Plan\u2019 IMF Survey Magazine online: Countries and Regions (October 24, 2008) &lt;<a href=\"http:\/\/www.imf.org\/external\/pubs\/ft\/survey\/so\/2008\/car102408a.htm&gt;\">http:\/\/www.imf.org\/external\/pubs\/ft\/survey\/so\/2008\/car102408a.htm&gt;<\/a> (accessed March 6, 2012).<\/p>\n<p style=\"text-align: left;\">Iceland, Letter of Intent and Technical Memorandum of Understanding, November 15, 2008.<\/p>\n<p style=\"text-align: left;\">IMF, Iceland: Assessment of the Risks to the Fund and the Fund\u2019s Liquidity Position, November 17, 2008.<\/p>\n<p style=\"text-align: left;\">IMF, \u2018IMF Executive Board Approves US$2.1 Billion Stand-By Arrangement for Iceland\u2019 Press Release No. 08\/296, November 19, 2008.<\/p>\n<p style=\"text-align: left;\">IMF, Statement by Jens Olof Henriksson, Executive Director for Iceland and Bjorn Olafsson, Senior Advisor to Executive Director, November 19, 2008.<\/p>\n<p style=\"text-align: left;\">IMF, Transcript of a Conference Call on the IMF\u2019s Executive Board Approval of a Stand-By Arrangement for Iceland, November 20, 2008.<\/p>\n<p style=\"text-align: left;\">IMF, Iceland: Request for Stand-By Arrangement, Staff Report, IMF Country Report No. 08\/362, November 25, 2008.<\/p>\n<p style=\"text-align: left;\">IMF, Iceland: External Debt Sustainability Analysis and Fiscal Sustainability Analysis, November 25, 2008.<\/p>\n<p style=\"text-align: left;\">IMF, Iceland: Request for Exceptional Access for Requested Stand-By Arrangement, November 25, 2008.<\/p>\n<p style=\"text-align: left;\">IMF, Iceland: Stand-By Arrangement Interim Review Under the Emergency Financing Mechanism, IMF Country Report No. 09\/52, December 24, 2008.<\/p>\n<p style=\"text-align: left;\">IMF, \u2018Statement by the IMF Mission to Iceland\u2019 Press Release No. 09\/76, March 13, 2009.<\/p>\n<p style=\"text-align: left;\">IMF, \u2018Statement by the IMF Mission to Iceland\u2019 Press Release No. 09\/189, May 29, 2009.<\/p>\n<p style=\"text-align: left;\">Iceland, Letter of Intent, Memorandum of Economic and Financial Policies, and Technical Memorandum of Understanding, October 20, 2009.<\/p>\n<p style=\"text-align: left;\">IMF, Iceland: Staff Report for First Review Under Stand-By Arrangement and Request for Extension of the Arrangement, Waivers of Nonobservance of Performance Criteria and Rephasing of Access, IMF Country Report 09\/306, October 20, 2009.<\/p>\n<p style=\"text-align: left;\">IMF, Statement by the Staff Representative on Iceland, Executive Board Meeting, October 28, 2009.<\/p>\n<p style=\"text-align: left;\">IMF, \u2018IMF Completes First Review Under Stand-By Arrangement with Iceland, Extends Arrangement, and Approves US$167.5 Million Disbursement\u2019 Press Release No. 09\/375, October 28, 2009.<\/p>\n<p style=\"text-align: left;\">IMF, Statement by Jens Olof Henriksson, Executive Director for Iceland and Bjorn Olafsson, Senior Advisor to Executive Director, October 28, 2009.<\/p>\n<p style=\"text-align: left;\">IMF, Transcript of a Conference Call on the Completion of the First Review of Iceland\u2019s Stand-By Arrangement, October 29, 2009.<\/p>\n<p style=\"text-align: left;\">IMF, Dominique Strauss-Khan, Managing Director, IMF, Open Letter to Open Civil Meetings, c\/o Gunnar Sigur\u00f0sson, November 12, 2009.<\/p>\n<p style=\"text-align: left;\">Iceland, Letter of Intent, Memorandum of Economic and Financial Policies, and Technical Memorandum of Understanding, April 7, 2010.<\/p>\n<p style=\"text-align: left;\">IMF, Iceland: Staff Report for Second Review Under Stand-By Arrangement and Request for Extension of the Arrangement, Rephasing of Access and Establishment of Performance Criteria, IMF Country Report 10\/95, April 8, 2010.<\/p>\n<p style=\"text-align: left;\">IMF, \u2018IMF Completes Second Review Under Stand-By Arrangement with Iceland, Extends Arrangement, Rephases Access and Approves US$160 Million Disbursement\u2019 Press Release No. 10\/156, April 16, 2010.<\/p>\n<p style=\"text-align: left;\">IMF, Statement by Per Callesen, Executive Director for Iceland and Bjorn Olafsson, Senior Advisor to Executive Director, April 16, 2010.<\/p>\n<p style=\"text-align: left;\">Julio Escolano, Thornton Matheson, Christopher Heady, and Geerten Michielse, \u2018Iceland: Improving the Equity and Revenue Production of the Icelandic Tax System\u2019 IMF Country Report No. 10\/213, June 2010.<\/p>\n<p style=\"text-align: left;\">IMF, Iceland: Selected Issues Paper, IMF Country Report No. 10\/304, September 13, 2010.<\/p>\n<p style=\"text-align: left;\">Iceland, Letter of Intent, Memorandum of Economic and Financial Policies, and Technical Memorandum of Understanding, September 13, 2010.<\/p>\n<p style=\"text-align: left;\">IMF, Iceland: Staff Report for the 2010 Article IV Consultation and Third Review Under Stand-By Arrangement and Request for Modification of Performance Criteria, IMF Country Report No. 10\/305, September 13, 2010.<\/p>\n<p style=\"text-align: left;\">IMF, Iceland: Staff Report for the 2010 Article IV Consultation and Third Review Under the Stand-By Arrangement and Request for Modification of Performance Criteria: Supplementary Information, September 24, 2010.<\/p>\n<p style=\"text-align: left;\">IMF, \u2018IMF Completes Third Review Under Stand-By Arrangement for Iceland, Concludes 2010 Article IV Consultation\u2019 Press Release No. 10\/367, September 29, 2010.<\/p>\n<p style=\"text-align: left;\">IMF, Statement by Per Callesen, Executive Director for Iceland and Lilja Alfredsdottir, Advisor to Executive Director, September 29, 2010.<\/p>\n<p style=\"text-align: left;\">IMF, \u2018IMF Executive Board Concludes 2010 Article IV Consultation with Iceland\u2019 Public Information Notice, No. 10\/138, October 4, 2010.<\/p>\n<p style=\"text-align: left;\">Iceland, Letter of Intent, and Technical Memorandum of Understanding, December 22, 2010.<\/p>\n<p style=\"text-align: left;\">IMF, Iceland: Staff Report for Fourth Review Under the Stand-By Arrangement, Request for Waivers of Applicability, and Request for Establishment of Performance Criteria, IMF Country Report No. 11\/16, December 22, 2010.<\/p>\n<p style=\"text-align: left;\">IMF, Statement by Per Callesen, Executive Director for Iceland and Lilja Alfredsdottir, Advisor to Executive Director, January 10, 2011.<\/p>\n<p style=\"text-align: left;\">IMF, \u2018IMF Completes Fourth Review Under the Stand-By Arrangement for Iceland\u2019 Press Release No. 11\/5, January 11, 2011.<\/p>\n<p style=\"text-align: left;\">IMF, Transcript of a Conference Call on Iceland, January 14, 2011.<\/p>\n<p style=\"text-align: left;\">Philip Daniel, Ruud De Mooij, Thornton Matheson, and Geerten Michielse, \u2018Iceland: Advancing Tax Reform and the Taxation of Natural Resources\u2019 IMF Country Report No. 11\/138, May 2011.<\/p>\n<p style=\"text-align: left;\">Iceland, Letter of Intent, and Technical Memorandum of Understanding, May 19, 2011.<\/p>\n<p style=\"text-align: left;\">IMF, Iceland: Staff Report for Fifth Review Under the Stand-By Arrangement, and Request for Modification of Performance Criteria and Rephasing of Access, IMF Country Report no. 11\/125, May 19, 2011.<\/p>\n<p style=\"text-align: left;\">IMF, Iceland: Statement by the Staff Representative on Iceland, Executive Board Meeting, June 3, 2011.<\/p>\n<p style=\"text-align: left;\">IMF, \u2018IMF Completes Fifth Review Under the Stand-By Arrangement for Iceland\u2019 Press Release No. 11\/214, June 3, 2011.<\/p>\n<p style=\"text-align: left;\">IMF, Statement by Benny Andersen, Executive Director for Iceland and Lilja Alfredsdottir, Advisor to Executive Director, June 3, 2011.<\/p>\n<p style=\"text-align: left;\">IMF, Transcript of a Conference Call on Iceland, June 6, 2011.<\/p>\n<p style=\"text-align: left;\">Iceland, Letter of Intent, and Technical Memorandum of Understanding, August 16, 2011.<\/p>\n<p style=\"text-align: left;\">IMF, Iceland: Staff Review Under the Stand-By Arrangement and Proposal for Post-Program Monitoring, IMF Country Report No. 11\/263, 16 August, 2011.<\/p>\n<p style=\"text-align: left;\">IMF, Iceland: Statement by the Staff Representative on Iceland, Executive Board Meeting, August 26, 2011.<\/p>\n<p style=\"text-align: left;\">IMF, Statement by Benny Andersen, Executive Director for Iceland and Lilja Alfredsdottir, Advisor to Executive Director, August 26, 2011.<\/p>\n<p style=\"text-align: left;\">IMF, \u2018IMF Completes Sixth and Final Review Under the Stand-By Arrangement for Iceland\u2019 Press Release No. 11\/316, August 27, 2011.<\/p>\n<p style=\"text-align: left;\">Richard Hughes, Tim Irwin, Iva Petrova, and Edda Karlsdottir, \u2018Iceland: Towards a New Organic Budget Law\u2019 IMF Country Report No. 12\/4, January 2012.<\/p>\n<p style=\"text-align: left;\">\n<p style=\"text-align: left;\"><strong>International Declaration of the General Assembly of the United Nations<\/strong><\/p>\n<p style=\"text-align: left;\">Universal Declaration of Human Rights 1948, G.A. Res. 217A, U.N. GAOR, 3<sup>rd<\/sup> Sess., at 71, Supp. No. 13, U.N. Doc. A\/811 (1948).<\/p>\n<p style=\"text-align: left;\">\n<p style=\"text-align: left;\"><strong>International Treaties<\/strong><\/p>\n<p style=\"text-align: left;\">\u00a0 Convention for the Elimination of All Forms of Racial Discrimination 1965, 660 UNTS 195.<\/p>\n<p style=\"text-align: left;\">International Covenant on Economic, Social and Cultural Rights 1966, 993 UNTS 3.<\/p>\n<p style=\"text-align: left;\">International Covenant on Civil and Political Rights 1966, 999 UNTS 171.<\/p>\n<p style=\"text-align: left;\">Vienna Convention on the Law of Treaties 1969, 1155 U.N.T.S. 331.<\/p>\n<p style=\"text-align: left;\">Convention on the Elimination of All Forms of Discrimination against Women 1979, 1249 UNTS 13.<\/p>\n<p style=\"text-align: left;\">Agreement on the European Economic Area, OJ No. L 1, January 3, 1994, 3. CELEX Ref: 21994A0103(01) (31994D0001).<\/p>\n<p style=\"text-align: left;\">Convention on the Rights of the Child 1989, 1577 UNTS 3.<\/p>\n<p style=\"text-align: left;\">Convention on the Rights of Persons with Disabilities 2006, UN Doc. G.A. Res. 61\/106, 61, U.N. Doc. A\/RES\/61\/106&amp;Annex1, at 65.<\/p>\n<p style=\"text-align: left;\">\n<p style=\"text-align: left;\"><strong>Reports of the United Nations<\/strong><\/p>\n<p style=\"text-align: left;\">Human Rights Council, Report of the Working Group on the Universal Periodic Review: Iceland, Report on the Nineteenth Session, December 2011, UN Doc. A\/HRC\/19\/13.<\/p>\n<p style=\"text-align: left;\">\n<p style=\"text-align: left;\"><strong>Municipal Legislation<\/strong> (Iceland)<\/p>\n<p style=\"text-align: left;\">Stj\u00f3rnaskr\u00e1 l\u00fd\u00f0veldisins \u00cdslands (Constitution of the Republic of Iceland), 17. j\u00fan\u00ed 1944, l\u00f6g nr. 33\/1944.<\/p>\n<p style=\"text-align: left;\">Stj\u00f3rnart\u00ed\u00f0indi A, 15. ma\u00ed 1990, L\u00f6g nr. 38\/1990 um stj\u00f3rn fiskvei\u00f0a, sl\u00f3\u00f0: &lt;<a href=\"http:\/\/www.althingi.is\/lagas\/132a\/1990038.html\">http:\/\/www.althingi.is\/lagas\/132a\/1990038.html<\/a>&gt; (accessed March 27, 2012).<\/p>\n<p style=\"text-align: left;\">Stj\u00f3rnart\u00ed\u00f0indi A, 28. ma\u00ed 1997, L\u00f6g nr. 75\/1997 um samningsve\u00f0, sl\u00f3\u00f0: &lt;<a href=\"http:\/\/www.althingi.is\/lagas\/nuna\/1997075.html\">http:\/\/www.althingi.is\/lagas\/nuna\/1997075.html<\/a>&gt; (accessed March 27, 2012).<\/p>\n<p style=\"text-align: left;\">Stj\u00f3rnart\u00ed\u00f0indi A, 7. j\u00fan\u00ed 2008, L\u00f6g nr. 60\/2008 um heimild r\u00edkissj\u00f3\u00f0s \u00cdslands til s\u00e9rstakrar l\u00e1nt\u00f6ku \u00e1 \u00e1rinu 2008, sl\u00f3\u00f0: &lt;<a href=\"http:\/\/www.althingi.is\/lagas\/nuna\/2008060.html\">http:\/\/www.althingi.is\/lagas\/nuna\/2008060.html<\/a>&gt; (accessed March 27, 2012).<\/p>\n<p style=\"text-align: left;\">Stj\u00f3rnart\u00ed\u00f0indi A, 7. okt\u00f3ber 2008, L\u00f6g nr. 125\/2008 um heimild til fj\u00e1rveitingar \u00far r\u00edkissj\u00f3\u00f0i vegna s\u00e9rstakra a\u00f0st\u00e6\u00f0na \u00e1 fj\u00e1rm\u00e1lamarka\u00f0i o.fl., &lt;<a href=\"http:\/\/www.althingi.is\/lagas\/nuna\/2008125.html\">http:\/\/www.althingi.is\/lagas\/nuna\/2008125.html<\/a>&gt; (accessed March 27, 2012).<\/p>\n<p style=\"text-align: left;\">Stj\u00f3rnart\u00ed\u00f0indi A, 11. desember 2008, L\u00f6g nr. 135\/2008 um emb\u00e6tti s\u00e9rstaks saks\u00f3knara, sl\u00f3\u00f0: &lt;<a href=\"http:\/\/www.althingi.is\/lagas\/nuna\/2008135.html\">http:\/\/www.althingi.is\/lagas\/nuna\/2008135.html<\/a>&gt; (accessed March 27, 2012).<\/p>\n<p style=\"text-align: left;\">Stj\u00f3rnart\u00ed\u00f0indi A, 17. desember 2008, L\u00f6g nr. 142\/2008 um ranns\u00f3kn \u00e1 a\u00f0draganda og ors\u00f6kum falls \u00edslensku bankanna 2008 og tengdra atbur\u00f0a, sl\u00f3\u00f0: &lt;<a href=\"http:\/\/www.althingi.is\/lagas\/nuna\/2008142.html\">http:\/\/www.althingi.is\/lagas\/nuna\/2008142.html<\/a>&gt; (accessed March 27, 2012).<\/p>\n<p style=\"text-align: left;\">Stj\u00f3rnart\u00ed\u00f0indi A, 26. febr\u00faar 2009, L\u00f6g nr. 5\/2009 um breytingar \u00e1 l\u00f6gum nr. 36\/2001, um Se\u00f0labanka \u00cdslands, sl\u00f3\u00f0: &lt;<a href=\"http:\/\/www.althingi.is\/altext\/stjt\/2009.005.html&gt;\">http:\/\/www.althingi.is\/altext\/stjt\/2009.005.html&gt;<\/a> (accessed March 30, 2012).<\/p>\n<p style=\"text-align: left;\">Stj\u00f3rnart\u00ed\u00f0indi A, 6. jan\u00faar 2010, L\u00f6g nr. 1\/2010 um breytingu \u00e1 l\u00f6gum nr. 96\/2009, um heimild til handa fj\u00e1rm\u00e1lar\u00e1\u00f0herra, fyrir h\u00f6nd r\u00edkissj\u00f3\u00f0s, til a\u00f0 \u00e1byrgjast l\u00e1n Tryggingarsj\u00f3\u00f0s innst\u00e6\u00f0ueigenda og fj\u00e1rfesta fr\u00e1 breska og hollenska r\u00edkinu til a\u00f0 standa straum af grei\u00f0slum til innst\u00e6\u00f0ueigenda hj\u00e1 Landsbanka \u00cdslands hf., &lt;<a href=\"http:\/\/www.althingi.is\/altext\/stjt\/2010.001.html\">http:\/\/www.althingi.is\/altext\/stjt\/2010.001.html<\/a>&gt; (accessed March 27, 2012).<\/p>\n<p style=\"text-align: left;\">Stj\u00f3rnart\u00ed\u00f0indi A, 22. febr\u00faar 2011, L\u00f6g nr. 13\/2011 um heimild til handa fj\u00e1rm\u00e1lar\u00e1\u00f0herra til a\u00f0 sta\u00f0festa samninga, sem \u00e1rita\u00f0ir voru \u00ed London 8. desember 2010, um \u00e1byrg\u00f0 \u00e1 endurgrei\u00f0slu Tryggingarsj\u00f3\u00f0s innst\u00e6\u00f0ueigenda og fj\u00e1rfesta til breska og hollenska r\u00edkisins \u00e1 kostna\u00f0i af grei\u00f0slu l\u00e1gmarkstryggingar til innst\u00e6\u00f0ueigenda \u00ed \u00fatib\u00faum Landsbanka \u00cdslands hf. \u00ed Bretlandi og Hollandi og grei\u00f0slu eftirst\u00f6\u00f0va og vaxta af \u00feeim skuldbindingum, &lt;<a href=\"http:\/\/www.althingi.is\/lagas\/nuna\/2011013.html\">http:\/\/www.althingi.is\/lagas\/nuna\/2011013.html<\/a>&gt; (accessed March 27, 2012).<\/p>\n<p style=\"text-align: left;\">\n<p style=\"text-align: left;\"><strong>Proceedings of the Icelandic Parliament<\/strong> (Al\u00feingi)<\/p>\n<p style=\"text-align: left;\">Frumvarp til laga um stj\u00f3rn fiskvei\u00f0a, \u00feskj. 609, 352. m\u00e1l. Vef\u00fatg\u00e1fa Al\u00feingist\u00ed\u00f0inda, sl\u00f3\u00f0: &lt;<a href=\"http:\/\/www.althingi.is\/altext\/112\/s\/0609.html\">http:\/\/www.althingi.is\/altext\/112\/s\/0609.html<\/a>&gt; (accessed March 29, 2012)<\/p>\n<p style=\"text-align: left;\">Tillaga til \u00feings\u00e1lyktunar\u00a0um\u00a0fj\u00e1rhagslega fyrirgrei\u00f0slu hj\u00e1 Al\u00fej\u00f3\u00f0agjaldeyrissj\u00f3\u00f0num, \u00feskj. 189 &#8211; 161. m\u00e1l, Vef\u00fatg\u00e1fa Al\u00feingist\u00ed\u00f0inda, sl\u00f3\u00f0: &lt;<a href=\"http:\/\/www.althingi.is\/altext\/136\/s\/0189.html\">http:\/\/www.althingi.is\/altext\/136\/s\/0189.html<\/a>&gt; (accessed March 27, 2012).<\/p>\n<p style=\"text-align: left;\">Tillaga til \u00feings\u00e1lyktunar\u00a0um\u00a0fj\u00e1rhagslega fyrirgrei\u00f0slu hj\u00e1 Al\u00fej\u00f3\u00f0agjaldeyrissj\u00f3\u00f0num, \u00feskj. 264 &#8211; 161. m\u00e1l, Vef\u00fatg\u00e1fa Al\u00feingist\u00ed\u00f0inda, sl\u00f3\u00f0: &lt;<a href=\"http:\/\/www.althingi.is\/altext\/136\/s\/0264.html\">http:\/\/www.althingi.is\/altext\/136\/s\/0264.html<\/a>&gt; (accessed March 27, 2012).<\/p>\n<p style=\"text-align: left;\">Tillaga til \u00feings\u00e1lyktunar\u00a0um\u00a0fj\u00e1rhagslega fyrirgrei\u00f0slu hj\u00e1 Al\u00fej\u00f3\u00f0agjaldeyrissj\u00f3\u00f0num, \u00feskj. 265 &#8211; 161. m\u00e1l, Vef\u00fatg\u00e1fa Al\u00feingist\u00ed\u00f0inda, sl\u00f3\u00f0: &lt;<a href=\"http:\/\/www.althingi.is\/altext\/136\/s\/0265.html\">http:\/\/www.althingi.is\/altext\/136\/s\/0265.html<\/a>&gt; (accessed March 27, 2012).<\/p>\n<p style=\"text-align: left;\">Tillaga til \u00feings\u00e1lyktunar\u00a0um\u00a0fj\u00e1rhagslega fyrirgrei\u00f0slu hj\u00e1 Al\u00fej\u00f3\u00f0agjaldeyrissj\u00f3\u00f0num, \u00feskj. 266 &#8211; 161. m\u00e1l, Vef\u00fatg\u00e1fa Al\u00feingist\u00ed\u00f0inda, sl\u00f3\u00f0: &lt;<a href=\"http:\/\/www.althingi.is\/altext\/136\/s\/0266.html\">http:\/\/www.althingi.is\/altext\/136\/s\/0266.html<\/a>&gt; (accessed March 27, 2012).<\/p>\n<p style=\"text-align: left;\">Tillaga til \u00feings\u00e1lyktunar\u00a0um\u00a0fj\u00e1rhagslega fyrirgrei\u00f0slu hj\u00e1 Al\u00fej\u00f3\u00f0agjaldeyrissj\u00f3\u00f0num, \u00feskj. 267 &#8211; 161. m\u00e1l, Vef\u00fatg\u00e1fa Al\u00feingist\u00ed\u00f0inda, sl\u00f3\u00f0: <a href=\"http:\/\/www.althingi.is\/altext\/136\/s\/0266.html\">&lt;<\/a><a href=\"http:\/\/www.althingi.is\/altext\/136\/s\/0266.html\">http:\/\/www.althingi.is\/altext\/136\/s\/0266.html<\/a>&gt; (accessed March 27, 2012).<\/p>\n<p style=\"text-align: left;\">Tillaga til \u00feings\u00e1lyktunar\u00a0um\u00a0m\u00e1lsh\u00f6f\u00f0un gegn r\u00e1\u00f0herrum, \u00feskj. 1502 &#8211; 706. m\u00e1l, Vef\u00fatg\u00e1fa Al\u00feingist\u00ed\u00f0inda, sl\u00f3\u00f0: &lt;<a href=\"http:\/\/www.althingi.is\/altext\/138\/s\/1502.html\">http:\/\/www.althingi.is\/altext\/138\/s\/1502.html<\/a>&gt;<\/p>\n<p style=\"text-align: left;\">Tillaga til \u00feings\u00e1lyktunar\u00a0um\u00a0m\u00e1lsh\u00f6f\u00f0un gegn r\u00e1\u00f0herrum, \u00feskj. 1538 &#8211; 706. m\u00e1l, Vef\u00fatg\u00e1fa Al\u00feingist\u00ed\u00f0inda, sl\u00f3\u00f0: &lt;<a href=\"http:\/\/www.althingi.is\/altext\/138\/s\/1538.html\">http:\/\/www.althingi.is\/altext\/138\/s\/1538.html<\/a>&gt; (accessed March 28, 2012).<\/p>\n<p style=\"text-align: left;\">Vef\u00fatg\u00e1fa Al\u00feingist\u00ed\u00f0inda, 161. m\u00e1l, 32. fundur, Geir H. Haarde, speech 20 November 2008 at 11:08, sl\u00f3\u00f0: &lt;<a href=\"http:\/\/www.althingi.is\/altext\/raeda\/136\/rad20081120T110854.html\">http:\/\/www.althingi.is\/altext\/raeda\/136\/rad20081120T110854.html<\/a>&gt; (accessed March 27, 2012).<\/p>\n<p style=\"text-align: left;\">Vef\u00fatg\u00e1fa Al\u00feingist\u00ed\u00f0inda, 161. m\u00e1l, 32. fundur, Steingr\u00edmur J. Sigf\u00fasson, speech 20 November 2008 at 11:29, sl\u00f3\u00f0: &lt;<a href=\"http:\/\/www.althingi.is\/altext\/raeda\/136\/rad20081120T112948.html\">http:\/\/www.althingi.is\/altext\/raeda\/136\/rad20081120T112948.html<\/a>&gt; (accessed March 27, 2012).<\/p>\n<p style=\"text-align: left;\">Vef\u00fatg\u00e1fa Al\u00feingist\u00ed\u00f0inda, 161. m\u00e1l, 32 fundur, Ingibj\u00f6rg S\u00f3lr\u00fan G\u00edslad\u00f3ttir speech 20 November at 12:25, sl\u00f3\u00f0: &lt;<a href=\"http:\/\/www.althingi.is\/altext\/raeda\/136\/rad20081120T122557.html\">http:\/\/www.althingi.is\/altext\/raeda\/136\/rad20081120T122557.html<\/a>&gt; (accessed March 27, 2012).<\/p>\n<p style=\"text-align: left;\">Vef\u00fatg\u00e1fa Al\u00feingist\u00ed\u00f0inda, 161. m\u00e1l, 44. fundur, Steingr\u00edmur J. Sigf\u00fasson, speech 5 December 2008 at 11:31, sl\u00f3\u00f0: &lt;<a href=\"http:\/\/www.althingi.is\/altext\/raeda\/136\/rad20081205T113132.html\">http:\/\/www.althingi.is\/altext\/raeda\/136\/rad20081205T113132.html<\/a>&gt; (accessed March 27, 2012).<\/p>\n<p style=\"text-align: left;\">\n<p style=\"text-align: left;\"><strong>International Jurisprudence<\/strong><\/p>\n<p style=\"text-align: left;\">Human Rights Committee, Views in Communication no. 1306\/2004: <em>Haraldsson and Sveinsson v Iceland<\/em> (October 24, 2007)\u00a0 UN Doc. CCPR\/C\/91\/D\/1306\/2004.<\/p>\n<p style=\"text-align: left;\">\n<p style=\"text-align: left;\"><strong>Publications of Relevant International Organisations<\/strong><\/p>\n<p style=\"text-align: left;\">IMF, \u2018Accountability\u2019 &lt;<a href=\"http:\/\/www.imf.org\/external\/about\/govaccount.htm&gt;\">http:\/\/www.imf.org\/external\/about\/govaccount.htm&gt;<\/a> (accessed March 8, 2012).<\/p>\n<p style=\"text-align: left;\">IMF, Code of Good Practice on Fiscal Transparency (Washington DC, 2007).<\/p>\n<p style=\"text-align: left;\">IMF, \u2018IMF Lending,\u2019 Factsheet &lt;<a href=\"http:\/\/www.imf.org\/external\/np\/exr\/facts\/pdf\/howlend.pdf&gt;\">http:\/\/www.imf.org\/external\/np\/exr\/facts\/pdf\/howlend.pdf&gt;<\/a> (accessed March 6, 2012).<\/p>\n<p style=\"text-align: left;\">IMF, \u2018IMF Stand-By Agreement,\u2019 Factsheet &lt;<a href=\"http:\/\/www.imf.org\/external\/np\/exr\/facts\/pdf\/sba.pdf&gt;\">http:\/\/www.imf.org\/external\/np\/exr\/facts\/pdf\/sba.pdf&gt;<\/a> (accessed March 6, 2012).<\/p>\n<p style=\"text-align: left;\">IMF, \u2018IMF Surveillance,\u2019 Factsheet &lt;<a href=\"http:\/\/www.imf.org\/external\/np\/exr\/facts\/pdf\/surv.pdf&gt;\">http:\/\/www.imf.org\/external\/np\/exr\/facts\/pdf\/surv.pdf&gt;<\/a> (accessed March 6, 2012).<\/p>\n<p style=\"text-align: left;\">IMF, \u2018The IMF and Good Governance,\u2019 Factsheet &lt;<a href=\"http:\/\/www.imf.org\/external\/np\/exr\/facts\/pdf\/gov.pdf&gt;\">http:\/\/www.imf.org\/external\/np\/exr\/facts\/pdf\/gov.pdf&gt;<\/a> (accessed March 6, 2012).<\/p>\n<p style=\"text-align: left;\">IMF, \u2018The Unique Nature of the Responsibilities of the IMF\u2019 Pamphlet No. 46, &lt;<a href=\"#n32&gt;\">http:\/\/www.imf.org\/external\/pubs\/ft\/pam\/pam46\/pam4602.htm#n32&gt;<\/a> (accessed March 6, 2012).<\/p>\n<p style=\"text-align: left;\">IMF (Executive Board), \u2018Good Governance: the IMF\u2019s Role,\u2019 July 25, 1997 &lt;<a href=\"http:\/\/www.imf.org\/external\/pubs\/ft\/exrp\/govern\/govern.pdf\">http:\/\/www.imf.org\/external\/pubs\/ft\/exrp\/govern\/govern.pdf<\/a>&gt; (accessed March 5, 2012).<\/p>\n<p style=\"text-align: left;\">IMF (Fiscal Affairs Department), \u2018Guide on Resource Revenue Transparency\u2019 (Washington DC, 2007).<\/p>\n<p style=\"text-align: left;\">IMF (Legal Department of the IMF), Review of the Fund\u2019s Transparency Policy (Washington DC, December 2010).<\/p>\n<p style=\"text-align: left;\">IMF (Strategy, Policy, and Review Department), Review of the Fund\u2019s Transparency Policy (Washington DC, 2009).<\/p>\n<p style=\"text-align: left;\">OECD, \u2018Governance at a Glance 2011\u2019 &lt;<a href=\"http:\/\/www.oecd-ilibrary.org\/governance\/government-at-a-glance-2011_gov_glance-2011-en\">http:\/\/www.oecd-ilibrary.org\/governance\/government-at-a-glance-2011_gov_glance-2011-en<\/a>&gt; (accessed March 2, 2012).<\/p>\n<p style=\"text-align: left;\">OECD, Governance in the 21<sup>st<\/sup> Century, (Paris, 2001).<\/p>\n<p style=\"text-align: left;\">OECD, \u2018Principal Elements of Good Governance\u2019 &lt;<a href=\"http:\/\/www.oecd.org\/document\/32\/0\">http:\/\/www.oecd.org\/document\/32\/0<\/a>,3746,en_2649_33735_1814560_1_1_1_1,00.html&gt; (accessed March 6, 2012).<\/p>\n<p style=\"text-align: left;\">UNESCO, \u2018Good Governance\u2019 &lt;<a href=\"http:\/\/portal.unesco.org\/ci\/en\/ev.php-URL_ID=5205&amp;URL_DO=DO_TOPIC&amp;URL_SECTION=201.html&gt;\">http:\/\/portal.unesco.org\/ci\/en\/ev.php-URL_ID=5205&amp;URL_DO=DO_TOPIC&amp;URL_SECTION=201.html&gt;<\/a> (accessed March 6, 2012).<\/p>\n<p style=\"text-align: left;\">United Nations, \u2018Governance\u2019 &lt;<a href=\"http:\/\/www.un.org.en\/globalissues\/governance\/\">http:\/\/www.un.org.en\/globalissues\/governance\/<\/a>&gt; (accessed March 6, 2012).<\/p>\n<p style=\"text-align: left;\">United Nations Development Programme, \u2018Why Good Governance Makes for Better Development\u2019 May 12, 2011 &lt;<a href=\"http:\/\/www.undp.org\/content\/undp\/en\/home\/ourperspective\/ourperspectivearticles\/2011\/05\/20\/why-good-governance-makes-for-better-development.html\">http:\/\/www.undp.org\/content\/undp\/en\/home\/ourperspective\/ourperspectivearticles\/2011\/05\/20\/why-good-governance-makes-for-better-development.html<\/a>&gt; (accessed March 2, 2012).<\/p>\n<p style=\"text-align: left;\">The World Bank, Governance and Development (Washington DC, 1992).<\/p>\n<p style=\"text-align: left;\">The World Bank, Governance: The World Bank\u2019s Experience (Washington DC, 1994).<\/p>\n<p style=\"text-align: left;\">The World Bank, Strengthening World Bank Group Engagement on Governance and Anticorruption (Washington DC, 2007).<\/p>\n<p style=\"text-align: left;\">The World Bank, The Reform of Public Sector Management, Lessons from Experience, Policy and Research Series 18 (Washington DC, 1991).<\/p>\n<p style=\"text-align: left;\">\n<p style=\"text-align: left;\"><strong>Icelandic Governance Sources<\/strong><\/p>\n<p style=\"text-align: left;\">Central Bank of Iceland, &lt;<a href=\"http:\/\/www.sedlabanki.is\/&gt;\">http:\/\/www.sedlabanki.is\/&gt;<\/a>\u00a0 (accessed March 6, 2012).<\/p>\n<p style=\"text-align: left;\">Central Bank of Iceland, \u2018St\u00f6\u00f0usk\u00fdrsla Al\u00fej\u00f3\u00f0agjaldeyrissj\u00f3\u00f0sins\u2019 (February 12, 2009) &lt;<a href=\"http:\/\/www.sedlabanki.is\/?PageID=13&amp;NewsID=2043\">http:\/\/www.sedlabanki.is\/?PageID=13&amp;NewsID=2043<\/a>&gt; (accessed March 12, 2012).<\/p>\n<p style=\"text-align: left;\">Ministry of Economic Affairs, &lt;<a href=\"http:\/\/www.efnahagsraduneyti.is\/&gt;\">http:\/\/www.efnahagsraduneyti.is\/&gt;<\/a> (accessed March 6, 2012).<\/p>\n<p style=\"text-align: left;\">Ministry of Economic Affairs, Letter of Intent (Icelandic Translation) (October 20, 2009) &lt;<a href=\"http:\/\/www.efnahagsraduneyti.is\/media\/Acrobat\/LOI_final_for_signing_TYDING_draft.pdf\">http:\/\/www.efnahagsraduneyti.is\/media\/Acrobat\/LOI_final_for_signing_TYDING_draft.pdf<\/a>&gt; (accessed March 8, 2012).<\/p>\n<p style=\"text-align: left;\">\u00b7Ministry of Economic Affairs, \u2018Stj\u00f3rnv\u00f6ld svara ESA vegna Icesave m\u00e1lsins\u2019 May 2, 2011 &lt;<a href=\"http:\/\/eng.efnahagsraduneyti.is\/media\/Acrobat\/Government-Response-to-ESA-020511.pdf\">http:\/\/eng.efnahagsraduneyti.is\/media\/Acrobat\/Government-Response-to-ESA-020511.pdf<\/a>&gt; (accessed March 27, 2012).<\/p>\n<p style=\"text-align: left;\">\u00b7Prime Minister\u2019s Office, \u2018Statement from the Government of Iceland on the outcome of the referendum on the Icesave Agreements\u2019 (April 10, 2011) &lt;<a href=\"http:\/\/eng.forsaetisraduneyti.is\/news-and-articles\/nr\/6724\">http:\/\/eng.forsaetisraduneyti.is\/news-and-articles\/nr\/6724<\/a>&gt; (accessed March 27, 2012).<\/p>\n<p style=\"text-align: left;\">Ministry of Economic Affairs, \u2018Viljayfirl\u00fdsing stj\u00f3rnvalda \u00e1 \u00edslensku\u2019 (June 9, 2011) &lt;<a href=\"http:\/\/www.efnahagsraduneyti.is\/frettir\/frettatilkynningar\/nr\/3253\">http:\/\/www.efnahagsraduneyti.is\/frettir\/frettatilkynningar\/nr\/3253<\/a>&gt; (accessed March 8, 2012).<\/p>\n<p style=\"text-align: left;\">Ministry of Finance, &lt;<a href=\"http:\/\/www.fjarmalaraduneyti.is\/&gt;\">http:\/\/www.fjarmalaraduneyti.is\/&gt;<\/a> (accessed March 6, 2012).<\/p>\n<p style=\"text-align: left;\">Ministry of Foreign Affairs, &lt;<a href=\"http:\/\/www.utanrikisraduneyti.is\/&gt;\">http:\/\/www.utanrikisraduneyti.is\/&gt;<\/a> (accessed March 6, 2012).<\/p>\n<p style=\"text-align: left;\">Ministry of Foreign Affairs, \u2018Fact Sheet \u2013 The Icesave Issue \u2013 Key Figures,\u2019 June 2010 &lt;<a href=\"http:\/\/www.mfa.is\/media\/MFA_pdf\/Fact-Sheet---The-Icesave-Issue---Key-Figures-June.pdf\">http:\/\/www.mfa.is\/media\/MFA_pdf\/Fact-Sheet&#8212;The-Icesave-Issue&#8212;Key-Figures-June.pdf<\/a>&gt; (accessed March 27, 2012).<\/p>\n<p style=\"text-align: left;\">Ministry of Foreign Affairs, Icelandic International Development Agency, Annual Report 2010, Gunnar Salvarsson (ed), 2011.<\/p>\n<p style=\"text-align: left;\">Ministry of Foreign Affairs, Strategy for Iceland\u2019s Development Cooperation 2011-2014, June 10, 2011.<\/p>\n<p style=\"text-align: left;\">Prime Minister\u2019s Office, &lt;<a href=\"http:\/\/www.forsaetisraduneyti.is\/&gt;\">http:\/\/www.forsaetisraduneyti.is\/&gt;<\/a> (accessed March 6, 2012).<\/p>\n<p style=\"text-align: left;\">\u00b7\u00a0\u00a0\u00a0\u00a0\u00a0\u00a0 Prime Minister\u2019s Office, \u2018\u00c1varp fors\u00e6tisr\u00e1\u00f0herra vegna s\u00e9rstakra a\u00f0st\u00e6\u00f0na \u00e1 fj\u00e1rm\u00e1lamarka\u00f0i\u2019 (October 6, 2008) &lt; <a href=\"http:\/\/www.forsaetisraduneyti.is\/radherra\/raedurGHH\/nr\/3034\">http:\/\/www.forsaetisraduneyti.is\/radherra\/raedurGHH\/nr\/3034<\/a>&gt; (accessed March 28, 2012).<\/p>\n<p style=\"text-align: left;\">Prime Minister\u2019s Office, \u2018\u00c1\u00e6tlun \u00cdslands um efnahagsst\u00f6\u00f0ugleika\u2019 (November 16, 2008) &lt;<a href=\"http:\/\/www.forsaetisraduneyti.is\/Aaetlun_um_efnahagsstodugleika\/&gt;\">http:\/\/www.forsaetisraduneyti.is\/Aaetlun_um_efnahagsstodugleika\/&gt;<\/a> (accessed March 8, 2012).<\/p>\n<p style=\"text-align: left;\">Prime Minister\u2019s Office, \u2018Fr\u00e9ttatilkynning sendinefndar Al\u00fej\u00f3\u00f0agjaldeyrissj\u00f3\u00f0sins \u00e1 \u00edslensku\u2019 (March 13, 2009) &lt;<a href=\"http:\/\/www.forsaetisraduneyti.is\/frettir\/nr\/3529&gt;\">http:\/\/www.forsaetisraduneyti.is\/frettir\/nr\/3529&gt;<\/a> (accessed March 12, 2012).<\/p>\n<p style=\"text-align: left;\">Prime Minister\u2019s Office, \u2018Fr\u00e9ttatilkynning vegna \u00e1fangask\u00fdrslu IMF\u2019 (February 12, 2009) &lt;<a href=\"http:\/\/www.forsaetisraduneyti.is\/frettir\/nr\/3400\">http:\/\/www.forsaetisraduneyti.is\/frettir\/nr\/3400<\/a>&gt; (accessed March 8, 2012).<\/p>\n<p style=\"text-align: left;\">Prime Minister\u2019s Office, \u2018Fr\u00e9ttatilkynning sendinefndar Al\u00fej\u00f3\u00f0agjaldeyrissj\u00f3\u00f0sins \u00e1 \u00edslensku\u2019 (May 29, 2009) &lt;<a href=\"http:\/\/www.forsaetisraduneyti.is\/frettir\/nr\/3752\">http:\/\/www.forsaetisraduneyti.is\/frettir\/nr\/3752<\/a>&gt; (accessed March 8, 2012).<\/p>\n<p style=\"text-align: left;\">Prime Minister\u2019s Office, \u2018Fyrstu endursko\u00f0um efnahags\u00e1\u00e6tlunar \u00cdslands og AGS loki\u00f0\u2019 (October 28, 2009) &lt;<a href=\"http:\/\/www.forsaetisraduneyti.is\/frettir\/nr\/4031\">http:\/\/www.forsaetisraduneyti.is\/frettir\/nr\/4031<\/a>&gt; (accessed March 8, 2012).<\/p>\n<p style=\"text-align: left;\">Prime Minister\u2019s Office, \u2018\u00cdsland \u00fatskrifast: Samstarf \u00cdslands og AGS um efnahags\u00e1\u00e6tlun komi\u00f0 \u00e1 lei\u00f0arenda\u2019 (August 26, 2011) &lt;<a href=\"http:\/\/www.forsaetisraduneyti.is\/frettir\/nr\/6860\">http:\/\/www.forsaetisraduneyti.is\/frettir\/nr\/6860<\/a>&gt; (accessed, 8 March 2012).<\/p>\n<p style=\"text-align: left;\">Ranns\u00f3knarnefnd Al\u00feingis, The Report of the Icelandic Parliament\u2019s Special Investigation Commission (Al\u00feingi: Reykjav\u00edk, April 12, 2010) <a href=\"http:\/\/www.rannsoknarnefnd.is\/\">http:\/\/www.rannsoknarnefnd.is\/<\/a> (March 28, 2012).<\/p>\n<p style=\"text-align: left;\">Valger\u00f0ir Sverissd\u00f3ttir, Minister of Foreign Affairs of Iceland, Statement at the Sixty-first Session of the General Assembly of the United Nations, September 26, 2006 &lt;<a href=\"http:\/\/www.iceida.is\/media\/pdf\/Avarp_utanrikisradherra_a_allsherjartingi_S.t.\">http:\/\/www.iceida.is\/media\/pdf\/Avarp_utanrikisradherra_a_allsherjartingi_S.t.<\/a>,_26.09.2006.pdf&gt; (accessed March 5, 2012).<\/p>\n<p style=\"text-align: left;\">\n<p style=\"text-align: left;\"><strong>Select Academic Literature<\/strong><\/p>\n<p style=\"text-align: left;\">Joachim Ahrens, Rolf Caspers and Janina Weingarth (eds) <em>Good Governance in the 21<sup>st<\/sup> Century <\/em>(Edward Elgar: Cheltenham, 2011).<\/p>\n<p style=\"text-align: left;\">Philip Alston, \u2018Ships Passing in the Night: The Current State of the Human Rights and Development Debate Seen Through the Lens of the Millennium Development Goals\u2019 (2005) 27(3) <em>Human Rights Quarterly<\/em>, 755.<\/p>\n<p style=\"text-align: left;\">A\u00f0alhei\u00f0ur \u00c1mundad\u00f3ttir and Rachael Lorna Johnstone, <em>Mannr\u00e9ttindi \u00ed \u00ferengingum : Efnahagsleg og f\u00e9lagsleg r\u00e9ttindi \u00ed kreppunni <\/em>(Akureyri: University of Akureyri Press\/Icelandic Human Rights Centre, Akureyri, 2011).<\/p>\n<p style=\"text-align: left;\">Giorgio Baruchello and Rachael Lorna Johnstone, \u2018Rights and Value: Construing the International Covenant on Economic, Social and Cultural Rights as Civil Commons\u2019 (2011) 5(1) <em>Studies in Social Justice: Life-Value, The Commons, and Social Justice<\/em> (special issue) 91.<\/p>\n<p style=\"text-align: left;\">Tom Bingham, <em>The Rule of Law<\/em> (Allen Lane\/Penguin: London, 2010).<\/p>\n<p style=\"text-align: left;\">N\u00edels Einarsson, <em>Culture, Conflict and Crises in the Icelandic Fisheries: An Anthropological Study of People, Policy and Marine Resources in the North Atlantic Arctic<\/em>, Uppsala Studies in Cultural Anthropology No. 48 (Uppsala University: Uppsala, 2011).<\/p>\n<p style=\"text-align: left;\">N\u00edels Einarsson, \u2018Fisheries Governance and Social Discourse in Post-Crisis Iceland: Responses to the UN Human Rights Committee\u2019s Views in Case 1306\/2004\u2019 (2011) 3 <em>Yearbook of Polar Law<\/em> 479.<\/p>\n<p style=\"text-align: left;\">Yash Ghai, \u2018Human Rights and Social Development: Towards Democratization and Social Justice,\u2019 United Nations Research Institute for Social Development: Democracy, Governance and Human Rights Programme Paper Number 5, October 2001.<\/p>\n<p style=\"text-align: left;\">Rachael Lorna Johnstone and A\u00f0alhei\u00f0ur \u00c1mundad\u00f3ttir, \u2018Defending Economic, Social and Cultural Rights in Iceland\u2019s Financial Crisis\u2019 (2011) 3 <em>Yearbook of Polar Law<\/em> 455.<\/p>\n<p style=\"text-align: left;\">Daniel Kaufmann and Aart Kraay, \u2018Growth Without Governance\u2019 Policy Research Working Paper 2928, World Bank Institute and Development Research Group, November 2002.<\/p>\n<p style=\"text-align: left;\">Natalia Loukacheva (ed) <em>Polar Law Textbook <\/em>(Nordic Council: Copenhagen, 2010).<\/p>\n<p style=\"text-align: left;\">Surendra Munshi, Biju Paul Abraham and Soma Chaudhuri, <em>The Intelligent Person\u2019s Guide to Good Governance <\/em>(Sage Publications: London, 2009).<\/p>\n<p style=\"text-align: left;\">Smita Narula, \u2018The Right to Food: Holding Global Actors Accountable Under International Law\u2019 (2006) 44(3) <em>Columbia Journal of Transnational Law<\/em>, 691.<\/p>\n<p style=\"text-align: left;\">Sina Obugbemi and Thomas Jacobson (eds), <em>Governance Reform: Under Real-World Conditions: Citizens, Stakeholders, and Voice<\/em> (World Bank: Washington DC, 2008).<\/p>\n<p style=\"text-align: left;\">Hans-Otto Sano and Gudmundur Alfredsson (eds), <em>Human Rights and Good Governance: Building Bridges<\/em>, (Martinus Nijhoff Publishers: The Hague, 2002).<\/p>\n<p style=\"text-align: left;\">Sigrun Skogly, \u2018Structural Adjustment and Development: Human Rights \u2013 An Agenda for Change\u2019 (1993) 15(4) <em>Human Rights Quarterly <\/em>751.<\/p>\n<p style=\"text-align: left;\">Leo Van Houtven, <em>Governance of the IMF: Decision Making, Institutional Oversight and Accountability<\/em> (IMF: Washington DC, 2002).<\/p>\n<p style=\"text-align: left;\">\n<p style=\"text-align: left;\"><strong>Mass Media Sources<\/strong><\/p>\n<p style=\"text-align: left;\">DV, \u2018IMF: Skjali\u00f0 sem v\u00f0 megum ekki sj\u00e1\u2019 (Reykjav\u00edk, November 17, 2008) &lt;<a href=\"http:\/\/www.dv.is\/frettir\/2008\/11\/17\/imf-skjalid-sem-vid-megum-ekki-sja\/\">http:\/\/www.dv.is\/frettir\/2008\/11\/17\/imf-skjalid-sem-vid-megum-ekki-sja\/<\/a>&gt; (accessed March 6, 2012).<\/p>\n<p style=\"text-align: left;\">DV, \u2018Leyniskjali\u00f0 til IMF \u00ed heild sinni\u2019 (Reykjav\u00edk, November 17, 2008) &lt;<a href=\"http:\/\/www.dv.is\/frettir\/2008\/11\/17\/viljayfirlysingin-til-imf-i-heild-sinni\/\">http:\/\/www.dv.is\/frettir\/2008\/11\/17\/viljayfirlysingin-til-imf-i-heild-sinni\/<\/a>&gt; (accessed March 6, 2012).<\/p>\n<p style=\"text-align: left;\">L\u00e1ra Hanna Einarsd\u00f3ttir, \u2018Borgarabr\u00e9f til Al\u00fej\u00f3\u00f0agjaldeyrissj\u00f3\u00f0sins\u2019 <em>Eyjan: L\u00e1ra Hanna<\/em> (Blog), November 2, 2009,\u00a0 &lt;<a href=\"http:\/\/blog.eyjan.is\/larahanna\/2009\/11\/02\/borgarabref-til-althjodagjaldeyrissjodsins\/\">http:\/\/blog.eyjan.is\/larahanna\/2009\/11\/02\/borgarabref-til-althjodagjaldeyrissjodsins\/<\/a>&gt; (accessed March 28, 2012)<\/p>\n<p style=\"text-align: left;\">Fr\u00e9ttabla\u00f0i\u00f0, \u2018Bjarga \u00fev\u00ed sem bjarga\u00f0 ver\u00f0ur\u2019\u00a0 October 7, 2008, 2.<\/p>\n<p style=\"text-align: left;\">Fr\u00e9ttabla\u00f0i\u00f0, \u2018IMF komi a\u00f0 m\u00e1lum: L\u00edkur \u00e1 \u00fev\u00ed a\u00f0 \u00edslensk stj\u00f3rnv\u00f6ld \u00f3ski eftir efnahagsa\u00f0sto\u00f0 Al\u00fej\u00f3\u00f0agjaldeyrissj\u00f3\u00f0sins (IMF) hafa aukist til muna. St\u00f3rt l\u00e1n fr\u00e1 R\u00fassum \u00fatilokar ekki anna\u00f0,\u2019 October 9, 2008, 1.<\/p>\n<p style=\"text-align: left;\">IceNews, \u2018Landsbanki assets alone nearly enough to cover Icesave\u2019 (Reykjav\u00edk, October 13, 2008, &lt;<a href=\"http:\/\/www.icenews.is\/index.php\/2008\/10\/13\/landsbanki-assets-alone-nearly-enough-to-cover-icesave\/\">http:\/\/www.icenews.is\/index.php\/2008\/10\/13\/landsbanki-assets-alone-nearly-enough-to-cover-icesave\/<\/a>&gt; (accessed March 27, 2012).<\/p>\n<p style=\"text-align: left;\">IceNews, \u2018Landsbanki predicts it can pay Icesave debt, and more\u2019 (Reykjav\u00edk, September 2, 2011) &lt;<a href=\"http:\/\/www.icenews.is\/index.php\/2011\/09\/02\/26243\/\">http:\/\/www.icenews.is\/index.php\/2011\/09\/02\/26243\/<\/a>&gt; (accessed March 27, 2012).<\/p>\n<p style=\"text-align: left;\">RUV, \u2018Vildu loka \u00dej\u00f3\u00f0leikh\u00fasinu og s\u00f6fnum\u2019 (Reykjav\u00edk, February 6, 2012) &lt;<a href=\"http:\/\/www.ruv.is\/frett\/vildu-loka-thjodleikhusinu-og-sofnum\">http:\/\/www.ruv.is\/frett\/vildu-loka-thjodleikhusinu-og-sofnum<\/a>&gt; (accessed March 6, 2012).<\/p>\n<p style=\"text-align: left;\">Poul Thomson, \u2018How Iceland Recovered from its Near-Death Experience\u2019 iMFdirect (blog) October 26, 2011 &lt;<a href=\"http:\/\/blog-imfdirect.imf.org\/2011\/10\/26\/how-iceland-recovered-from-its-near-death-experience\/&gt;\">http:\/\/blog-imfdirect.imf.org\/2011\/10\/26\/how-iceland-recovered-from-its-near-death-experience\/&gt;<\/a> (accessed March 5, 2012).<\/p>\n<p style=\"text-align: left;\">\n<p style=\"text-align: left;\"><strong>Other <\/strong><\/p>\n<p style=\"text-align: left;\">EFTA Surveillance Authority, &#8216;Ice-save: Iceland obliged to ensure payment of the minimum compensation to British and Dutch depositors&#8217; (Press &amp; Publications, May 26, 2010) &lt;<a href=\"http:\/\/www.eftasurv.int\/media\/internal-market\/LFN-Ice-save.pdf\">http:\/\/www.eftasurv.int\/media\/internal-market\/LFN-Ice-save.pdf<\/a>&gt; (accessed March 27, 2012).<\/p>\n<p style=\"text-align: left;\">EFTA Surveillance Authority, \u2018Icesave: Iceland to be taken to Court for failing to pay minimum compensation\u2019 (Press &amp; Publications, December 14, 2011 &lt;<a href=\"http:\/\/www.eftasurv.int\/press--publications\/press-releases\/internal-market\/nr\/1560&gt;\">http:\/\/www.eftasurv.int\/press&#8211;publications\/press-releases\/internal-market\/nr\/1560&gt;<\/a>\u00a0 (accessed March 28, 2012).<\/p>\n<p style=\"text-align: left;\">Gunnar Sigur\u00f0sson, Film Director and Activist, Member of \u201cOpinn borgarfundur\u201d (Open Civil Meeting), Telephone Interview, March 2, 2012.<\/p>\n<p style=\"text-align: left;\">Statistics Iceland, \u2018Referendum 6 March 2010\u2019 News no. 97\/2010, May 18, 2010) &lt;<a href=\"http:\/\/www.statice.is\/Pages\/444?NewsID=5191\">http:\/\/www.statice.is\/Pages\/444?NewsID=5191<\/a>&gt; (accessed March 27, 2012).<\/p>\n<p style=\"text-align: justify;\">\n<p style=\"text-align: justify;\" align=\"left\">\n<p style=\"text-align: justify;\">\n<p style=\"text-align: justify;\">\n<p style=\"text-align: justify;\"><strong>Endnotes<\/strong><\/p>\n<p class=\"_mce_tagged_br\" style=\"text-align: left;\"><a title=\"\" href=\"#_ftnref1\" name=\"_ftn1\"><sup><sup>[1]<\/sup><\/sup><\/a> For ease of reference, a fuller chronology of events is provided as Appendix I to this paper.<\/p>\n<p class=\"_mce_tagged_br\" style=\"text-align: left;\"><a title=\"\" href=\"#_ftnref2\" name=\"_ftn2\"><sup><sup>[2]<\/sup><\/sup><\/a> IMF, Iceland, Financial System Stability Assessment Update, August 19, 2008, IMF Country Report No. 08\/386 (published December 2008), 5, para. 48.<\/p>\n<p class=\"_mce_tagged_br\" style=\"text-align: left;\"><a title=\"\" href=\"#_ftnref3\" name=\"_ftn3\"><sup><sup>[3]<\/sup><\/sup><\/a> Stj\u00f3rnart\u00ed\u00f0indi A, 7. okt\u00f3ber 2008, L\u00f6g nr. 125\/2008 um heimild til fj\u00e1rveitingar \u00far r\u00edkissj\u00f3\u00f0i vegna s\u00e9rstakra a\u00f0st\u00e6\u00f0na \u00e1 fj\u00e1rm\u00e1lamarka\u00f0i o.fl., &lt;<a href=\"http:\/\/www.althingi.is\/lagas\/nuna\/2008125.html\">http:\/\/www.althingi.is\/lagas\/nuna\/2008125.html<\/a>&gt;; Fr\u00e9ttabla\u00f0i\u00f0, \u2018Bjarga \u00fev\u00ed sem bjarga\u00f0 ver\u00f0ur\u2019\u00a0 October 7, 2008, 2; Fr\u00e9ttabla\u00f0i\u00f0, \u2018IMF komi a\u00f0 m\u00e1lum: L\u00edkur \u00e1 \u00fev\u00ed a\u00f0 \u00edslensk stj\u00f3rnv\u00f6ld \u00f3ski eftir efnahagsa\u00f0sto\u00f0 Al\u00fej\u00f3\u00f0agjaldeyrissj\u00f3\u00f0sins (IMF) hafa aukist til muna. St\u00f3rt l\u00e1n fr\u00e1 R\u00fassum \u00fatilokar ekki anna\u00f0,\u2019 October 9, 2008, 1.<\/p>\n<p class=\"_mce_tagged_br\" style=\"text-align: left;\"><a title=\"\" href=\"#_ftnref4\" name=\"_ftn4\"><sup><sup>[4]<\/sup><\/sup><\/a> Iceland, Letter of Intent and Technical Memorandum of Understanding, November 15, 2008 [hereinafter LOI1]; Iceland, Letter of Intent, Memorandum of Economic and Financial Policies, and Technical Memorandum of Understanding, October 20, 2009 [LOI2]; Iceland, Letter of Intent, Memorandum of Economic and Financial Policies, and Technical Memorandum of Understanding, April 7, 2010 [LOI3]; Iceland, Letter of Intent, Memorandum of Economic and Financial Policies, and Technical Memorandum of Understanding, September 13, 2010 [LOI4]; Iceland, Letter of Intent, and Technical Memorandum of Understanding, December 22, 2010 [LOI5];\u00a0 Iceland, Letter of Intent, and Technical Memorandum of Understanding, May 19, 2011 [LOI6]; Iceland, Letter of Intent, and Technical Memorandum of Understanding, August 16, 2011 [LOI7].<\/p>\n<p class=\"_mce_tagged_br\" style=\"text-align: left;\"><a title=\"\" href=\"#_ftnref5\" name=\"_ftn5\"><sup><sup>[5]<\/sup><\/sup><\/a> Prime Minister\u2019s Office, \u2018\u00c1varp fors\u00e6tisr\u00e1\u00f0herra vegna s\u00e9rstakra a\u00f0st\u00e6\u00f0na \u00e1 fj\u00e1rm\u00e1lamarka\u00f0i\u2019 (October 6, 2008) &lt; <a href=\"http:\/\/www.forsaetisraduneyti.is\/radherra\/raedurGHH\/nr\/3034\">http:\/\/www.forsaetisraduneyti.is\/radherra\/raedurGHH\/nr\/3034<\/a>&gt; (accessed March 28, 2012).<\/p>\n<p class=\"_mce_tagged_br\" style=\"text-align: left;\"><a title=\"\" href=\"#_ftnref6\" name=\"_ftn6\"><sup><sup>[6]<\/sup><\/sup><\/a> Stj\u00f3rnart\u00ed\u00f0indi A, 6. jan\u00faar 2010, L\u00f6g nr. 1\/2010 um breytingu \u00e1 l\u00f6gum nr. 96\/2009, um heimild til handa fj\u00e1rm\u00e1lar\u00e1\u00f0herra, fyrir h\u00f6nd r\u00edkissj\u00f3\u00f0s, til a\u00f0 \u00e1byrgjast l\u00e1n Tryggingarsj\u00f3\u00f0s innst\u00e6\u00f0ueigenda og fj\u00e1rfesta fr\u00e1 breska og hollenska r\u00edkinu til a\u00f0 standa straum af grei\u00f0slum til innst\u00e6\u00f0ueigenda hj\u00e1 Landsbanka \u00cdslands hf &lt;<a href=\"http:\/\/www.althingi.is\/altext\/stjt\/2010.001.html\">http:\/\/www.althingi.is\/altext\/stjt\/2010.001.html<\/a>&gt;;<\/p>\n<p class=\"_mce_tagged_br\" style=\"text-align: left;\">Stj\u00f3rnart\u00ed\u00f0indi A, 22. febr\u00faar 2011, L\u00f6g nr. 13\/2011 um heimild til handa fj\u00e1rm\u00e1lar\u00e1\u00f0herra til a\u00f0 sta\u00f0festa samninga, sem \u00e1rita\u00f0ir voru \u00ed London 8. desember 2010, um \u00e1byrg\u00f0 \u00e1 endurgrei\u00f0slu Tryggingarsj\u00f3\u00f0s innst\u00e6\u00f0ueigenda og fj\u00e1rfesta til breska og hollenska r\u00edkisins \u00e1 kostna\u00f0i af grei\u00f0slu l\u00e1gmarkstryggingar til innst\u00e6\u00f0ueigenda \u00ed \u00fatib\u00faum Landsbanka \u00cdslands hf. \u00ed Bretlandi og Hollandi og grei\u00f0slu eftirst\u00f6\u00f0va og vaxta af \u00feeim skuldbindingum &lt;<a href=\"http:\/\/www.althingi.is\/lagas\/nuna\/2011013.html\">http:\/\/www.althingi.is\/lagas\/nuna\/2011013.html<\/a>&gt;.<\/p>\n<p class=\"_mce_tagged_br\" style=\"text-align: left;\"><a title=\"\" href=\"#_ftnref7\" name=\"_ftn7\"><sup><sup>[7]<\/sup><\/sup><\/a> Statistics Iceland, \u2018Referendum 6 March 2010\u2019 News no. 97\/2010, May 18, 2010) &lt;<a href=\"http:\/\/www.statice.is\/Pages\/444?NewsID=5191\">http:\/\/www.statice.is\/Pages\/444?NewsID=5191<\/a>&gt; (accessed March 27, 2012); Prime Minister\u2019s Office, \u2018Statement from the Government of Iceland on the outcome of the referendum on the Icesave Agreements\u2019 (April 10, 2011) &lt;<a href=\"http:\/\/eng.forsaetisraduneyti.is\/news-and-articles\/nr\/6724\">http:\/\/eng.forsaetisraduneyti.is\/news-and-articles\/nr\/6724<\/a>&gt; (accessed March 27, 2012).<\/p>\n<p class=\"_mce_tagged_br\" style=\"text-align: left;\"><a title=\"\" href=\"#_ftnref8\" name=\"_ftn8\"><sup><sup>[8]<\/sup><\/sup><\/a> EFTA Surveillance Authority, \u2018Icesave: Iceland to be taken to Court for failing to pay minimum compensation\u2019 (Press &amp; Publications, December 14, 2011 &lt;<a href=\"http:\/\/www.eftasurv.int\/press--publications\/press-releases\/internal-market\/nr\/1560&gt;\">http:\/\/www.eftasurv.int\/press&#8211;publications\/press-releases\/internal-market\/nr\/1560&gt;<\/a>\u00a0 (accessed March 28, 2012).<\/p>\n<p class=\"_mce_tagged_br\" style=\"text-align: left;\"><a title=\"\" href=\"#_ftnref9\" name=\"_ftn9\"><sup><sup>[9]<\/sup><\/sup><\/a>IMF (Executive Board), \u2018Good Governance: the IMF\u2019s Role,\u2019 July 25, 1997 &lt;<a href=\"http:\/\/www.imf.org\/external\/pubs\/ft\/exrp\/govern\/govern.pdf\">http:\/\/www.imf.org\/external\/pubs\/ft\/exrp\/govern\/govern.pdf<\/a>&gt; (accessed March 5, 2012), para. 2.<\/p>\n<p class=\"_mce_tagged_br\" style=\"text-align: left;\"><a title=\"\" href=\"#_ftnref10\" name=\"_ftn10\"><sup><sup>[10]<\/sup><\/sup><\/a> ibid. para. 5.<\/p>\n<p class=\"_mce_tagged_br\" style=\"text-align: left;\"><a title=\"\" href=\"#_ftnref11\" name=\"_ftn11\"><sup><sup>[11]<\/sup><\/sup><\/a> The World Bank, The Reform of Public Sector Management, Lessons from Experience, Policy and Research Series 18 (Washington DC, 1991) 14.<\/p>\n<p class=\"_mce_tagged_br\" style=\"text-align: left;\"><a title=\"\" href=\"#_ftnref12\" name=\"_ftn12\"><sup><sup>[12]<\/sup><\/sup><\/a> OECD, \u2018Principal Elements of Good Governance\u2019 &lt;<a href=\"http:\/\/www.oecd.org\/document\/32\/0\">http:\/\/www.oecd.org\/document\/32\/0<\/a>,3746,en_2649_33735_1814560_1_1_1_1,00.html&gt; (accessed March 6, 2012).<\/p>\n<p class=\"_mce_tagged_br\" style=\"text-align: left;\"><a title=\"\" href=\"#_ftnref13\" name=\"_ftn13\"><sup><sup>[13]<\/sup><\/sup><\/a> See, e.g., Mette Kj\u00e6r and Klavs Kinnerup, \u2018Good Governance: How Does It Relate to Human Rights?\u2019 in Hans-Otto Sano and Gudmundur Alfredsson (eds), Human Rights and Good Governance: Building Bridges, (Martinus Nijhoff Publishers: The Hague, 2002) 1; Gudmundur Alfredsson, \u2018The Usefulness of Human Rights for Democracy and Good Governance\u2019 ibid, 19.<\/p>\n<p class=\"_mce_tagged_br\" style=\"text-align: left;\"><a title=\"\" href=\"#_ftnref14\" name=\"_ftn14\"><sup><sup>[14]<\/sup><\/sup><\/a> e.g. IMF \u2018Good Governance: the IMF\u2019s Role\u2019 (n. 9); OECD, \u2018Principal Elements of Good Governance\u2019 (n. 12); United Nations, \u2018Governance\u2019 &lt;<a href=\"http:\/\/www.un.org.en\/globalissues\/governance\/\">http:\/\/www.un.org.en\/globalissues\/governance\/<\/a>&gt; (accessed March 6, 2012); United Nations Development Programme, \u2018Why Good Governance Makes for Better Development\u2019 May 12, 2011 &lt;<a href=\"http:\/\/www.undp.org\/content\/undp\/en\/home\/ourperspective\/ourperspectivearticles\/2011\/05\/20\/why-good-governance-makes-for-better-development.html\">http:\/\/www.undp.org\/content\/undp\/en\/home\/ourperspective\/ourperspectivearticles\/2011\/05\/20\/why-good-governance-makes-for-better-development.html<\/a>&gt; (accessed March 2, 2012); UNESCO, \u2018Good Governance\u2019 &lt;<a href=\"http:\/\/portal.unesco.org\/ci\/en\/ev.php-URL_ID=5205&amp;URL_DO=DO_TOPIC&amp;URL_SECTION=201.html&gt;\">http:\/\/portal.unesco.org\/ci\/en\/ev.php-URL_ID=5205&amp;URL_DO=DO_TOPIC&amp;URL_SECTION=201.html&gt;<\/a> (accessed March 6, 2012; World Bank, The Reform of Public Sector Management (n. 11).<\/p>\n<p class=\"_mce_tagged_br\" style=\"text-align: left;\"><a title=\"\" href=\"#_ftnref15\" name=\"_ftn15\"><sup><sup>[15]<\/sup><\/sup><\/a> OECD, \u2018Principal Elements of Good Governance\u2019 (n. 12).<\/p>\n<p class=\"_mce_tagged_br\" style=\"text-align: left;\"><a title=\"\" href=\"#_ftnref16\" name=\"_ftn16\"><sup><sup>[16]<\/sup><\/sup><\/a> IMF, \u2018The IMF and Good Governance,\u2019 Factsheet &lt;<a href=\"http:\/\/www.imf.org\/external\/np\/exr\/facts\/pdf\/gov.pdf&gt;\">http:\/\/www.imf.org\/external\/np\/exr\/facts\/pdf\/gov.pdf&gt;<\/a> (accessed March 6, 2012.<\/p>\n<p class=\"_mce_tagged_br\" style=\"text-align: left;\"><a title=\"\" href=\"#_ftnref17\" name=\"_ftn17\"><sup><sup>[17]<\/sup><\/sup><\/a> United Nations, \u2018Governance\u2019 (n. 14); United Nations Development Programme, \u2018Why Good Governance Makes for Better Development\u2019 (n. 14).<\/p>\n<p class=\"_mce_tagged_br\" style=\"text-align: left;\"><a title=\"\" href=\"#_ftnref18\" name=\"_ftn18\"><sup><sup>[18]<\/sup><\/sup><\/a> The World Bank, Governance: The World Bank\u2019s Experience (Washington DC, 1994), vii.<\/p>\n<p class=\"_mce_tagged_br\" style=\"text-align: left;\"><a title=\"\" href=\"#_ftnref19\" name=\"_ftn19\"><sup><sup>[19]<\/sup><\/sup><\/a> See, e.g., Joachim Ahrens, \u2018Governance, Development and Institutional Change in Times of Globalization\u2019 in Joachim Ahrens, Rolf Caspers and Janina Weingarth (eds) Good Governance in the 21<sup>st<\/sup> Century (Edward Elgar: Cheltenham, 2011) 1, 9.<\/p>\n<p class=\"_mce_tagged_br\" style=\"text-align: left;\"><a title=\"\" href=\"#_ftnref20\" name=\"_ftn20\"><sup><sup>[20]<\/sup><\/sup><\/a> OECD, \u2018Principal Elements of Good Governance\u2019 (n. 12).<\/p>\n<p class=\"_mce_tagged_br\" style=\"text-align: left;\"><a title=\"\" href=\"#_ftnref21\" name=\"_ftn21\"><sup><sup>[21]<\/sup><\/sup><\/a> Rachael Lorna Johnstone and A\u00f0alhei\u00f0ur \u00c1mundad\u00f3ttir, \u2018Defending Economic, Social and Cultural Rights in Iceland\u2019s Financial Crisis\u2019 (2011) 3 Yearbook of Polar Law 455, 474-75.<\/p>\n<p class=\"_mce_tagged_br\" style=\"text-align: left;\"><a title=\"\" href=\"#_ftnref22\" name=\"_ftn22\"><sup><sup>[22]<\/sup><\/sup><\/a> For a thorough study of the Rule of Law, in both historical and contemporary perspective, see, Tom Bingham, The Rule of Law (Allen Lane\/Penguin: London, 2010).<\/p>\n<p class=\"_mce_tagged_br\" style=\"text-align: left;\"><a title=\"\" href=\"#_ftnref23\" name=\"_ftn23\"><sup><sup>[23]<\/sup><\/sup><\/a> See also, International Covenant on Civil and Political Rights 1966, 999 UNTS 171 [ICCPR] articles 2,3, 14-16, 25 and 26.<\/p>\n<p class=\"_mce_tagged_br\" style=\"text-align: left;\"><a title=\"\" href=\"#_ftnref24\" name=\"_ftn24\"><sup><sup>[24]<\/sup><\/sup><\/a> Compare OECD, \u2018Principal Elements of Good Governance\u2019 (n. 12): \u2018Rule of law: government enforces equally transparent laws, regulations and codes\u2019 (combining transparency, legal certainty and equality before the law).<\/p>\n<p class=\"_mce_tagged_br\" style=\"text-align: left;\"><a title=\"\" href=\"#_ftnref25\" name=\"_ftn25\"><sup><sup>[25]<\/sup><\/sup><\/a> Kj\u00e6r and Kinnerup (n. 13); Alfredsson (n. 13); UNESCO \u2018Good Governance\u2019 (n. 14).<\/p>\n<p class=\"_mce_tagged_br\" style=\"text-align: left;\"><a title=\"\" href=\"#_ftnref26\" name=\"_ftn26\"><sup><sup>[26]<\/sup><\/sup><\/a> International Covenant on Economic, Social and Cultural Rights 1966, 993 UNTS 3; ICCPR (n. 23).<\/p>\n<p class=\"_mce_tagged_br\" style=\"text-align: left;\"><a title=\"\" href=\"#_ftnref27\" name=\"_ftn27\"><sup><sup>[27]<\/sup><\/sup><\/a> See, e.g., Sigrun Skogly, \u2018Structural Adjustment and Development: Human Rights \u2013 An Agenda for Change\u2019 (1993) 15(4) Human Rights Quarterly 751, 769; Smita Narula, \u2018The Right to Food: Holding Global Actors Accountable Under International Law\u2019 (2006) 44(3) Columbia Journal of Transnational Law, 691, 700-01.<\/p>\n<p class=\"_mce_tagged_br\" style=\"text-align: left;\"><a title=\"\" href=\"#_ftnref28\" name=\"_ftn28\"><sup><sup>[28]<\/sup><\/sup><\/a> Vienna Convention on the Law of Treaties 1969, 1155 U.N.T.S. 331, article 26.<\/p>\n<p class=\"_mce_tagged_br\" style=\"text-align: left;\"><a title=\"\" href=\"#_ftnref29\" name=\"_ftn29\"><sup><sup>[29]<\/sup><\/sup><\/a> E.g., Convention for the Elimination of All Forms of Racial Discrimination 1965, 660 UNTS 195; Convention on the Elimination of All Forms of Discrimination against Women 1979, 1249 UNTS 13; Convention on the Rights of the Child 1989, 1577 UNTS 3; Convention on the Rights of Persons with Disabilities 2006, UN Doc. G.A. Res. 61\/106, 61, U.N. Doc. A\/RES\/61\/106&amp;Annex1, at 65.<\/p>\n<p class=\"_mce_tagged_br\" style=\"text-align: left;\"><a title=\"\" href=\"#_ftnref30\" name=\"_ftn30\"><sup><sup>[30]<\/sup><\/sup><\/a> ICCPR (n. 23), articles 14-16, 22 and 25-26.<\/p>\n<p class=\"_mce_tagged_br\" style=\"text-align: left;\"><a title=\"\" href=\"#_ftnref31\" name=\"_ftn31\"><sup><sup>[31]<\/sup><\/sup><\/a> ICESCR (n. 26), articles 6-15; see also, Giorgio Baruchello and Rachael Lorna Johnstone, \u2018Rights and Value: Construing the International Covenant on Economic, Social and Cultural Rights as Civil Commons\u2019 (2011) 5(1) Studies in Social Justice: Life-Value, The Commons, and Social Justice (special issue) 91, 94.<\/p>\n<p class=\"_mce_tagged_br\" style=\"text-align: left;\"><a title=\"\" href=\"#_ftnref32\" name=\"_ftn32\"><sup><sup>[32]<\/sup><\/sup><\/a> IMF (Legal Department of the IMF), Review of the Fund\u2019s Transparency Policy (Washington DC, December 2010), para. 2(a).<\/p>\n<p class=\"_mce_tagged_br\" style=\"text-align: left;\"><a title=\"\" href=\"#_ftnref33\" name=\"_ftn33\"><sup><sup>[33]<\/sup><\/sup><\/a> IMF, \u2018Iceland the IMF\u2019 Country Info Page &lt;<a href=\"http:\/\/www.imf.org\/external\/country\/ISL\/index.htm?pn=0&gt;\">http:\/\/www.imf.org\/external\/country\/ISL\/index.htm?pn=0&gt;<\/a> (accessed March 22, 2012.<\/p>\n<p class=\"_mce_tagged_br\" style=\"text-align: left;\"><a title=\"\" href=\"#_ftnref34\" name=\"_ftn34\"><sup><sup>[34]<\/sup><\/sup><\/a> IMF, Iceland: Staff Report for First Review Under Stand-By Arrangement and Request for Extension of the Arrangement, Waivers of Nonobservance of Performance Criteria and Rephasing of Access, IMF Country Report 09\/306, October 20, 2009 [Staff Report 1] Appendix. Iceland: Fund Relations;\u00a0 IMF, Iceland: Staff Report for Second Review Under Stand-By Arrangement and Request for Extension of the Arrangement, Rephasing of Access and Establishment of Performance Criteria, IMF Country Report 10\/95, April 8, 2010 [Staff Report 2] Attachment III. Iceland: Fund Relations;\u00a0 IMF, Iceland: Staff Report for the 2010 Article IV Consultation and Third Review Under Stand-By Arrangement and Request for Modification of Performance Criteria, IMF Country Report No. 10\/305, September 13, 2010 [Staff Report 3] Appendix II. Iceland: Fund Relations; IMF, Iceland: Staff Report for Fourth Review Under the Stand-By Arrangement, Request for Waivers of Applicability, and Request for Establishment of Performance Criteria, IMF Country Report No. 11\/16, December 22, 2010 [Staff Report 4] Annex. Iceland: Fund Relations; IMF, Iceland: Staff Report for Fifth Review Under the Stand-By Arrangement, and Request for Modification of Performance Criteria and Rephasing of Access, IMF Country Report no. 11\/125, May 19, 2011 [Staff Report 5] Annex. Iceland: Fund Relations; IMF, Iceland: Staff Review Under the Stand-By Arrangement and Proposal for Post-Programme Monitoring, IMF Country Report No. 11\/263, 16 August, 2011 [Staff Report 6] Annex. Iceland: Fund Relations.<\/p>\n<p class=\"_mce_tagged_br\" style=\"text-align: left;\"><a title=\"\" href=\"#_ftnref35\" name=\"_ftn35\"><sup><sup>[35]<\/sup><\/sup><\/a> E.g., LOIs 2-7 (n. 4) and Staff Reports 1-6 (n. 34).<\/p>\n<p class=\"_mce_tagged_br\" style=\"text-align: left;\"><a title=\"\" href=\"#_ftnref36\" name=\"_ftn36\"><sup><sup>[36]<\/sup><\/sup><\/a> IMF, \u2018IMF and Iceland Outline $2.1 Billion Loan Plan\u2019 IMF Survey Magazine online: Countries and Regions (October 24, 2008) &lt;<a href=\"http:\/\/www.imf.org\/external\/pubs\/ft\/survey\/so\/2008\/car102408a.htm&gt;\">http:\/\/www.imf.org\/external\/pubs\/ft\/survey\/so\/2008\/car102408a.htm&gt;<\/a> (accessed March 6, 2012).<\/p>\n<p class=\"_mce_tagged_br\" style=\"text-align: left;\"><a title=\"\" href=\"#_ftnref37\" name=\"_ftn37\"><sup><sup>[37]<\/sup><\/sup><\/a> Tillaga til \u00feings\u00e1lyktunar\u00a0um\u00a0fj\u00e1rhagslega fyrirgrei\u00f0slu hj\u00e1 Al\u00fej\u00f3\u00f0agjaldeyrissj\u00f3\u00f0num, \u00feskj. 264 &#8211; 161. m\u00e1l, Vef\u00fatg\u00e1fa Al\u00feingist\u00ed\u00f0inda, sl\u00f3\u00f0: <a href=\"http:\/\/www.althingi.is\/altext\/136\/s\/0264.html\">http:\/\/www.althingi.is\/altext\/136\/s\/0264.html<\/a> (accessed March 27, 2012); Tillaga til \u00feings\u00e1lyktunar\u00a0um\u00a0fj\u00e1rhagslega fyrirgrei\u00f0slu hj\u00e1 Al\u00fej\u00f3\u00f0agjaldeyrissj\u00f3\u00f0num, \u00feskj. 265 &#8211; 161. m\u00e1l, Vef\u00fatg\u00e1fa Al\u00feingist\u00ed\u00f0inda, sl\u00f3\u00f0:&lt;<a href=\"http:\/\/www.althingi.is\/altext\/136\/s\/0265.html\">http:\/\/www.althingi.is\/altext\/136\/s\/0265.html<\/a>&gt; (accessed March 27, 2012); Tillaga til \u00feings\u00e1lyktunar\u00a0um\u00a0fj\u00e1rhagslega fyrirgrei\u00f0slu hj\u00e1 Al\u00fej\u00f3\u00f0agjaldeyrissj\u00f3\u00f0num, \u00feskj. 266 &#8211; 161. m\u00e1l, Vef\u00fatg\u00e1fa Al\u00feingist\u00ed\u00f0inda, sl\u00f3\u00f0: &lt;<a href=\"http:\/\/www.althingi.is\/altext\/136\/s\/0266.html\">http:\/\/www.althingi.is\/altext\/136\/s\/0266.html<\/a>&gt; (accessed March 27, 2012); Tillaga til \u00feings\u00e1lyktunar\u00a0um\u00a0fj\u00e1rhagslega fyrirgrei\u00f0slu hj\u00e1 Al\u00fej\u00f3\u00f0agjaldeyrissj\u00f3\u00f0num, \u00feskj. 267 &#8211; 161. m\u00e1l, Vef\u00fatg\u00e1fa Al\u00feingist\u00ed\u00f0inda, sl\u00f3\u00f0: &lt;<a href=\"http:\/\/www.althingi.is\/altext\/136\/s\/0266.html\">http:\/\/www.althingi.is\/altext\/136\/s\/0266.html<\/a>&gt; (accessed March 27, 2012) (Opposition members of the Al\u00feingi emphasise that Al\u00feingi has not been consulted at all during the IMF process).<\/p>\n<p class=\"_mce_tagged_br\" style=\"text-align: left;\"><a title=\"\" href=\"#_ftnref38\" name=\"_ftn38\"><sup><sup>[38]<\/sup><\/sup><\/a> DV, \u2018IMF: Skjali\u00f0 sem v\u00f0 megum ekki sj\u00e1\u2019 (Reykjav\u00edk, November 17, 2008) &lt;<a href=\"http:\/\/www.dv.is\/frettir\/2008\/11\/17\/imf-skjalid-sem-vid-megum-ekki-sja\/\">http:\/\/www.dv.is\/frettir\/2008\/11\/17\/imf-skjalid-sem-vid-megum-ekki-sja\/<\/a>&gt; (accessed March 6, 2012).<\/p>\n<p class=\"_mce_tagged_br\" style=\"text-align: left;\"><a title=\"\" href=\"#_ftnref39\" name=\"_ftn39\"><sup><sup>[39]<\/sup><\/sup><\/a> DV, \u2018Leyniskjali\u00f0 til IMF \u00ed heild sinni\u2019 (Reykjav\u00edk, November 17, 2008) &lt;<a href=\"http:\/\/www.dv.is\/frettir\/2008\/11\/17\/viljayfirlysingin-til-imf-i-heild-sinni\/\">http:\/\/www.dv.is\/frettir\/2008\/11\/17\/viljayfirlysingin-til-imf-i-heild-sinni\/<\/a>&gt; (accessed March 6, 2012).<\/p>\n<p class=\"_mce_tagged_br\" style=\"text-align: left;\"><a title=\"\" href=\"#_ftnref40\" name=\"_ftn40\"><sup><sup>[40]<\/sup><\/sup><\/a> Tillaga til \u00feings\u00e1lyktunar\u00a0um\u00a0fj\u00e1rhagslega fyrirgrei\u00f0slu hj\u00e1 Al\u00fej\u00f3\u00f0agjaldeyrissj\u00f3\u00f0num, \u00feskj. 189 &#8211; 161. m\u00e1l, Vef\u00fatg\u00e1fa Al\u00feingist\u00ed\u00f0inda, sl\u00f3\u00f0: &lt;<a href=\"http:\/\/www.althingi.is\/altext\/136\/s\/0189.html\">http:\/\/www.althingi.is\/altext\/136\/s\/0189.html<\/a>&gt; (accessed March 27, 2012).<\/p>\n<p class=\"_mce_tagged_br\" style=\"text-align: left;\"><a title=\"\" href=\"#_ftnref41\" name=\"_ftn41\"><sup><sup>[41]<\/sup><\/sup><\/a> LOI1 (n. 4).<\/p>\n<p class=\"_mce_tagged_br\" style=\"text-align: left;\"><a title=\"\" href=\"#_ftnref42\" name=\"_ftn42\"><sup><sup>[42]<\/sup><\/sup><\/a> Vef\u00fatg\u00e1fa Al\u00feingist\u00ed\u00f0inda, 161. m\u00e1l, 32. fundur, Steingr\u00edmur J. Sigf\u00fasson, speech November 20, 2008 at 11:29, sl\u00f3\u00f0: &lt;<a href=\"http:\/\/www.althingi.is\/altext\/raeda\/136\/rad20081120T112948.html\">http:\/\/www.althingi.is\/altext\/raeda\/136\/rad20081120T112948.html<\/a>&gt; (accessed March 27, 2012); Tillaga til \u00feings\u00e1lyktunar\u00a0um\u00a0fj\u00e1rhagslega fyrirgrei\u00f0slu hj\u00e1 Al\u00fej\u00f3\u00f0agjaldeyrissj\u00f3\u00f0num, \u00feskj. 264 &#8211; 161. m\u00e1l, Vef\u00fatg\u00e1fa Al\u00feingist\u00ed\u00f0inda, sl\u00f3\u00f0: &lt;<a href=\"http:\/\/www.althingi.is\/altext\/136\/s\/0264.html\">http:\/\/www.althingi.is\/altext\/136\/s\/0264.html<\/a>&lt; (accessed March 27, 2012); Tillaga til \u00feings\u00e1lyktunar\u00a0um\u00a0fj\u00e1rhagslega fyrirgrei\u00f0slu hj\u00e1 Al\u00fej\u00f3\u00f0agjaldeyrissj\u00f3\u00f0num, \u00feskj. 265 &#8211; 161. m\u00e1l, Vef\u00fatg\u00e1fa Al\u00feingist\u00ed\u00f0inda, sl\u00f3\u00f0: &lt;<a href=\"http:\/\/www.althingi.is\/altext\/136\/s\/0265.html\">http:\/\/www.althingi.is\/altext\/136\/s\/0265.html<\/a>&gt; (accessed March 27, 2012); Tillaga til \u00feings\u00e1lyktunar\u00a0um\u00a0fj\u00e1rhagslega fyrirgrei\u00f0slu hj\u00e1 Al\u00fej\u00f3\u00f0agjaldeyrissj\u00f3\u00f0num, \u00feskj. 266 &#8211; 161. m\u00e1l, Vef\u00fatg\u00e1fa Al\u00feingist\u00ed\u00f0inda, sl\u00f3\u00f0: &lt;<a href=\"http:\/\/www.althingi.is\/altext\/136\/s\/0266.html\">http:\/\/www.althingi.is\/altext\/136\/s\/0266.html<\/a>&gt; (accessed March 27, 2012); Vef\u00fatg\u00e1fa Al\u00feingist\u00ed\u00f0inda, 161. m\u00e1l, 44. fundur, Steingr\u00edmur J. Sigf\u00fasson, speech December 5, 2008 at 11:31, sl\u00f3\u00f0: &lt;<a href=\"http:\/\/www.althingi.is\/altext\/raeda\/136\/rad20081205T113132.html\">http:\/\/www.althingi.is\/altext\/raeda\/136\/rad20081205T113132.html<\/a>&gt; (accessed March 27, 2012).<\/p>\n<p class=\"_mce_tagged_br\" style=\"text-align: left;\"><a title=\"\" href=\"#_ftnref43\" name=\"_ftn43\"><sup><sup>[43]<\/sup><\/sup><\/a> Vef\u00fatg\u00e1fa Al\u00feingist\u00ed\u00f0inda, 161. m\u00e1l, 32. fundur, Geir H. Haarde, speech November 20, 2008 at 11:08, sl\u00f3\u00f0: &lt;<a href=\"http:\/\/www.althingi.is\/altext\/raeda\/136\/rad20081120T110854.html\">http:\/\/www.althingi.is\/altext\/raeda\/136\/rad20081120T110854.html<\/a>&gt; (accessed March 27, 2012);<\/p>\n<p class=\"_mce_tagged_br\" style=\"text-align: left;\">ibid, Ingibj\u00f6rg S\u00f3lr\u00fan G\u00edslad\u00f3ttir speech at 12:25, sl\u00f3\u00f0: &lt;<a href=\"http:\/\/www.althingi.is\/altext\/raeda\/136\/rad20081120T122557.html\">http:\/\/www.althingi.is\/altext\/raeda\/136\/rad20081120T122557.html<\/a>&gt; (accessed March 27, 2012).<\/p>\n<p class=\"_mce_tagged_br\" style=\"text-align: left;\"><a title=\"\" href=\"#_ftnref44\" name=\"_ftn44\"><sup><sup>[44]<\/sup><\/sup><\/a> Vef\u00fatg\u00e1fa Al\u00feingist\u00ed\u00f0inda, 161. m\u00e1l, 32. fundur, Steingr\u00edmur J. Sigf\u00fasson, speech November 20, 2008 at 11:29, sl\u00f3\u00f0: &lt;<a href=\"http:\/\/www.althingi.is\/altext\/raeda\/136\/rad20081120T112948.html\">http:\/\/www.althingi.is\/altext\/raeda\/136\/rad20081120T112948.html<\/a>&gt; (accessed March 27, 2012).<\/p>\n<p class=\"_mce_tagged_br\" style=\"text-align: left;\"><a title=\"\" href=\"#_ftnref45\" name=\"_ftn45\"><sup><sup>[45]<\/sup><\/sup><\/a> Ranns\u00f3knarnefnd Al\u00feingis, The Report of the Icelandic Parliament\u2019s Special Investigation Commission (Al\u00feingi: Reykjav\u00edk, April 12, 2010) Volume 8, 147.<\/p>\n<p class=\"_mce_tagged_br\" style=\"text-align: left;\"><a title=\"\" href=\"#_ftnref46\" name=\"_ftn46\"><sup><sup>[46]<\/sup><\/sup><\/a> RUV, \u2018Vildu loka \u00dej\u00f3\u00f0leikh\u00fasinu og s\u00f6fnum\u2019 (Reykjav\u00edk, February 6, 2012) &lt;<a href=\"http:\/\/www.ruv.is\/frett\/vildu-loka-thjodleikhusinu-og-sofnum\">http:\/\/www.ruv.is\/frett\/vildu-loka-thjodleikhusinu-og-sofnum<\/a>&gt; (accessed March 6, 2012).<\/p>\n<p class=\"_mce_tagged_br\" style=\"text-align: left;\"><a title=\"\" href=\"#_ftnref47\" name=\"_ftn47\"><sup><sup>[47]<\/sup><\/sup><\/a> The following websites were reviewed by the authors: the Office of the Prime Ministry; the Ministry of Finance; the Ministry of Economic Affairs; and the Central Bank of Iceland.<\/p>\n<p class=\"_mce_tagged_br\" style=\"text-align: left;\"><a title=\"\" href=\"#_ftnref48\" name=\"_ftn48\"><sup><sup>[48]<\/sup><\/sup><\/a> Prime Minister\u2019s Office, \u2018\u00c1\u00e6tlun \u00cdslands um efnahagsst\u00f6\u00f0ugleika\u2019 (November 16, 2008) &lt;<a href=\"http:\/\/www.forsaetisraduneyti.is\/Aaetlun_um_efnahagsstodugleika\/&gt;\">http:\/\/www.forsaetisraduneyti.is\/Aaetlun_um_efnahagsstodugleika\/&gt;<\/a> (accessed March 8, 2012); Prime Minister\u2019s Office, \u2018Fyrstu endursko\u00f0um efnahags\u00e1\u00e6tlunar \u00cdslands og AGS loki\u00f0\u2019 (October 28, 2009) &lt;<a href=\"http:\/\/www.forsaetisraduneyti.is\/frettir\/nr\/4031\">http:\/\/www.forsaetisraduneyti.is\/frettir\/nr\/4031<\/a>&gt; (accessed March 8, 2012); Ministry of Economic Affairs, Letter of Intent (Icelandic Translation) (October 20, 2009) &lt;<a href=\"http:\/\/www.efnahagsraduneyti.is\/media\/Acrobat\/LOI_final_for_signing_TYDING_draft.pdf\">http:\/\/www.efnahagsraduneyti.is\/media\/Acrobat\/LOI_final_for_signing_TYDING_draft.pdf<\/a>&gt; (accessed March 8, 2012); Prime Minister\u2019s Office, \u2018\u00cdsland \u00fatskrifast: Samstarf \u00cdslands og AGS um efnahags\u00e1\u00e6tlun komi\u00f0 \u00e1 lei\u00f0arenda\u2019 (August 26, 2011) &lt;<a href=\"http:\/\/www.forsaetisraduneyti.is\/frettir\/nr\/6860\">http:\/\/www.forsaetisraduneyti.is\/frettir\/nr\/6860<\/a>&gt; (accessed, 8 March 2012); Ministry of Economic Affairs, \u2018Viljayfirl\u00fdsing stj\u00f3rnvalda \u00e1 \u00edslensku\u2019 (June 9, 2011) &lt;<a href=\"http:\/\/www.efnahagsraduneyti.is\/frettir\/frettatilkynningar\/nr\/3253\">http:\/\/www.efnahagsraduneyti.is\/frettir\/frettatilkynningar\/nr\/3253<\/a>&gt; (accessed March 8, 2012).<\/p>\n<p class=\"_mce_tagged_br\" style=\"text-align: left;\"><a title=\"\" href=\"#_ftnref49\" name=\"_ftn49\"><sup><sup>[49]<\/sup><\/sup><\/a> IMF, Iceland: Stand-By Arrangement Interim Review Under the Emergency Financing Mechanism, IMF Country Report No. 09\/52, December 24, 2008 (Icelandic translation: Prime Minister\u2019s Office, \u2018Fr\u00e9ttatilkynning vegna \u00e1fangask\u00fdrslu IMF\u2019 (February 12, 2009) &lt;<a href=\"http:\/\/www.forsaetisraduneyti.is\/frettir\/nr\/3400\">http:\/\/www.forsaetisraduneyti.is\/frettir\/nr\/3400<\/a>&gt; (accessed March 8, 2012)); Central Bank of Iceland, \u2018St\u00f6\u00f0usk\u00fdrsla Al\u00fej\u00f3\u00f0agjaldeyrissj\u00f3\u00f0sins\u2019 (February 12, 2009) &lt;<a href=\"http:\/\/www.sedlabanki.is\/?PageID=13&amp;NewsID=2043\">http:\/\/www.sedlabanki.is\/?PageID=13&amp;NewsID=2043<\/a>&gt; (accessed March 12, 2012);\u00a0 IMF, \u2018Statement by the IMF Mission to Iceland\u2019 Press Release No. 09\/76, March 13, 2009 (Icelandic translation: Prime Minister\u2019s Office, \u2018Fr\u00e9ttatilkynning sendinefndar Al\u00fej\u00f3\u00f0agjaldeyrissj\u00f3\u00f0sins \u00e1 \u00edslensku\u2019 (March 13, 2009) &lt;<a href=\"http:\/\/www.forsaetisraduneyti.is\/frettir\/nr\/3529&gt;\">http:\/\/www.forsaetisraduneyti.is\/frettir\/nr\/3529&gt;<\/a> (accessed March 12, 2012));\u00a0 IMF, \u2018Statement by the IMF Mission to Iceland\u2019 Press Release No. 09\/189, May 29, 2009 (Icelandic translation: Prime Minister\u2019s Office, \u2018Fr\u00e9ttatilkynning sendinefndar Al\u00fej\u00f3\u00f0agjaldeyrissj\u00f3\u00f0sins \u00e1 \u00edslensku\u2019 (May 29, 2009) &lt;<a href=\"http:\/\/www.forsaetisraduneyti.is\/frettir\/nr\/3752\">http:\/\/www.forsaetisraduneyti.is\/frettir\/nr\/3752<\/a>&gt; (accessed March 8, 2012)).<\/p>\n<p class=\"_mce_tagged_br\" style=\"text-align: left;\"><a title=\"\" href=\"#_ftnref50\" name=\"_ftn50\"><sup><sup>[50]<\/sup><\/sup><\/a> These three \u2018elephants in the room\u2019 are discussed in part VI below.<\/p>\n<p class=\"_mce_tagged_br\" style=\"text-align: left;\"><a title=\"\" href=\"#_ftnref51\" name=\"_ftn51\"><sup><sup>[51]<\/sup><\/sup><\/a> Ranns\u00f3knarnefnd Al\u00feingis (n. 45), Volume 8, pp. 133-152.<\/p>\n<p class=\"_mce_tagged_br\" style=\"text-align: left;\"><a title=\"\" href=\"#_ftnref52\" name=\"_ftn52\"><sup><sup>[52]<\/sup><\/sup><\/a> Vef\u00fatg\u00e1fa Al\u00feingist\u00ed\u00f0inda, 161. m\u00e1l, 32. fundur, Ingibj\u00f6rg S\u00f3lr\u00fan G\u00edslad\u00f3ttir, speech November 20, 2008 at 12:25, sl\u00f3\u00f0: &lt;<a href=\"http:\/\/www.althingi.is\/altext\/raeda\/136\/rad20081120T122557.html\">http:\/\/www.althingi.is\/altext\/raeda\/136\/rad20081120T122557.html<\/a>&gt; (accessed March 27, 2012).<\/p>\n<p class=\"_mce_tagged_br\" style=\"text-align: left;\"><a title=\"\" href=\"#_ftnref53\" name=\"_ftn53\"><sup><sup>[53]<\/sup><\/sup><\/a> IMF, \u2018Accountability\u2019 &lt;<a href=\"http:\/\/www.imf.org\/external\/about\/govaccount.htm&gt;\">http:\/\/www.imf.org\/external\/about\/govaccount.htm&gt;<\/a> (accessed March 8, 2012).<\/p>\n<p class=\"_mce_tagged_br\" style=\"text-align: left;\"><a title=\"\" href=\"#_ftnref54\" name=\"_ftn54\"><sup><sup>[54]<\/sup><\/sup><\/a> IMF, \u2018Good Governance: the IMF\u2019s Role\u2019 (n. 9), para. 7.<\/p>\n<p class=\"_mce_tagged_br\" style=\"text-align: left;\"><a title=\"\" href=\"#_ftnref55\" name=\"_ftn55\"><sup><sup>[55]<\/sup><\/sup><\/a> E.g., IMF, Transcript of a Conference Call on the IMF\u2019s Executive Board Approval of a Stand-By Arrangement for Iceland, November 20, 2008 [Conference Call 1] (on tax and spend policies); IMF, Transcript of a Conference Call on the Completion of the First Review of Iceland\u2019s Stand-By Arrangement, October 29, 2009 [Conference Call 2] (on Iceland\u2019s application to the European Union); IMF, Transcript of a Conference Call on Iceland, January 14, 2011 [Conference Call 3] (on Icelandic natural resources and foreign investment).<\/p>\n<p class=\"_mce_tagged_br\" style=\"text-align: left;\"><a title=\"\" href=\"#_ftnref56\" name=\"_ftn56\"><sup><sup>[56]<\/sup><\/sup><\/a> LOI1 (n. 4) para. 23.<\/p>\n<p class=\"_mce_tagged_br\" style=\"text-align: left;\"><a title=\"\" href=\"#_ftnref57\" name=\"_ftn57\"><sup><sup>[57]<\/sup><\/sup><\/a> See below, part V.C.<\/p>\n<p class=\"_mce_tagged_br\" style=\"text-align: left;\"><a title=\"\" href=\"#_ftnref58\" name=\"_ftn58\"><sup><sup>[58]<\/sup><\/sup><\/a> Tillaga til \u00feings\u00e1lyktunar\u00a0um\u00a0fj\u00e1rhagslega fyrirgrei\u00f0slu hj\u00e1 Al\u00fej\u00f3\u00f0agjaldeyrissj\u00f3\u00f0num, \u00feskj. 189 &#8211; 161. m\u00e1l, Vef\u00fatg\u00e1fa Al\u00feingist\u00ed\u00f0inda, sl\u00f3\u00f0: &lt;<a href=\"http:\/\/www.althingi.is\/altext\/136\/s\/0189.html\">http:\/\/www.althingi.is\/altext\/136\/s\/0189.html<\/a>&gt; (accessed March 27, 2012). All documents relating to the Resolution may be found here: \u2018Fj\u00e1rhagsleg fyrirgrei\u00f0sla hj\u00e1 Al\u00fej\u00f3\u00f0agjaldeyrissj\u00f3\u00f0un\u2019 &lt;<a href=\"http:\/\/www.althingi.is\/dba-bin\/ferill.pl?ltg=136&amp;mnr=161\">http:\/\/www.althingi.is\/dba-bin\/ferill.pl?ltg=136&amp;mnr=161<\/a>&gt;.<\/p>\n<p class=\"_mce_tagged_br\" style=\"text-align: left;\"><a title=\"\" href=\"#_ftnref59\" name=\"_ftn59\"><sup><sup>[59]<\/sup><\/sup><\/a> Conference Calls 1, 2 and 3 (n. 55); IMF, Transcript of a Conference Call on Iceland, June 6, 2011 [Conference Call 4].<\/p>\n<p class=\"_mce_tagged_br\" style=\"text-align: left;\"><a title=\"\" href=\"#_ftnref60\" name=\"_ftn60\"><sup><sup>[60]<\/sup><\/sup><\/a> Gunnar Sigur\u00f0sson, Film Director and Activist, Member of \u2018Opinn borgarfundur\u201d (Open Civil Meeting), Telephone Interview, March 2, 2012.<\/p>\n<p class=\"_mce_tagged_br\" style=\"text-align: left;\"><a title=\"\" href=\"#_ftnref61\" name=\"_ftn61\"><sup><sup>[61]<\/sup><\/sup><\/a> L\u00e1ra Hanna Einarsd\u00f3ttir, \u2018Borgarabr\u00e9f til Al\u00fej\u00f3\u00f0agjaldeyrissj\u00f3\u00f0sins\u2019 Eyjan: L\u00e1ra Hanna (Blog), November 2, 2009,\u00a0 &lt;<a href=\"http:\/\/blog.eyjan.is\/larahanna\/2009\/11\/02\/borgarabref-til-althjodagjaldeyrissjodsins\/\">http:\/\/blog.eyjan.is\/larahanna\/2009\/11\/02\/borgarabref-til-althjodagjaldeyrissjodsins\/<\/a>&gt; (accessed March 28, 2012) .<\/p>\n<p class=\"_mce_tagged_br\" style=\"text-align: left;\"><a title=\"\" href=\"#_ftnref62\" name=\"_ftn62\"><sup><sup>[62]<\/sup><\/sup><\/a> IMF, Dominique Strauss-Khan, Managing Director, IMF, Open Letter to Open Civil Meetings, c\/o Gunnar Sigur\u00f0sson, November 12, 2009.<\/p>\n<p class=\"_mce_tagged_br\" style=\"text-align: left;\"><a title=\"\" href=\"#_ftnref63\" name=\"_ftn63\"><sup><sup>[63]<\/sup><\/sup><\/a> Sigur\u00f0sson (n. 60).<\/p>\n<p class=\"_mce_tagged_br\" style=\"text-align: left;\"><a title=\"\" href=\"#_ftnref64\" name=\"_ftn64\"><sup><sup>[64]<\/sup><\/sup><\/a> ibid.<\/p>\n<p class=\"_mce_tagged_br\" style=\"text-align: left;\"><a title=\"\" href=\"#_ftnref65\" name=\"_ftn65\"><sup><sup>[65]<\/sup><\/sup><\/a> See below, part V.C.<\/p>\n<p class=\"_mce_tagged_br\" style=\"text-align: left;\"><a title=\"\" href=\"#_ftnref66\" name=\"_ftn66\"><sup><sup>[66]<\/sup><\/sup><\/a> IMF, \u2018IMF Lending,\u2019 Factsheet &lt;<a href=\"http:\/\/www.imf.org\/external\/np\/exr\/facts\/pdf\/howlend.pdf&gt;\">http:\/\/www.imf.org\/external\/np\/exr\/facts\/pdf\/howlend.pdf&gt;<\/a> (accessed March 6, 2012).<\/p>\n<p class=\"_mce_tagged_br\" style=\"text-align: left;\"><a title=\"\" href=\"#_ftnref67\" name=\"_ftn67\"><sup><sup>[67]<\/sup><\/sup><\/a> IMF, \u2018IMF Stand-By Agreement,\u2019 Factsheet &lt;<a href=\"http:\/\/www.imf.org\/external\/np\/exr\/facts\/pdf\/sba.pdf&gt;\">http:\/\/www.imf.org\/external\/np\/exr\/facts\/pdf\/sba.pdf&gt;<\/a> (accessed March 6, 2012).<\/p>\n<p class=\"_mce_tagged_br\" style=\"text-align: left;\"><a title=\"\" href=\"#_ftnref68\" name=\"_ftn68\"><sup><sup>[68]<\/sup><\/sup><\/a> IMF, \u2018The Unique Nature of the Responsibilities of the IMF\u2019 Pamphlet No. 46, &lt;<a href=\"#n32&gt;\">http:\/\/www.imf.org\/external\/pubs\/ft\/pam\/pam46\/pam4602.htm#n32&gt;<\/a> (accessed March 6, 2012).<\/p>\n<p class=\"_mce_tagged_br\" style=\"text-align: left;\"><a title=\"\" href=\"#_ftnref69\" name=\"_ftn69\"><sup><sup>[69]<\/sup><\/sup><\/a> Stj\u00f3rnart\u00ed\u00f0indi A, 7. j\u00fan\u00ed 2008, L\u00f6g nr. 60\/2008 um heimild r\u00edkissj\u00f3\u00f0s \u00cdslands til s\u00e9rstakrar l\u00e1nt\u00f6ku \u00e1 \u00e1rinu 2008, sl\u00f3\u00f0:<\/p>\n<p class=\"_mce_tagged_br\" style=\"text-align: left;\">&lt;<a href=\"http:\/\/www.althingi.is\/lagas\/nuna\/2008060.html\">http:\/\/www.althingi.is\/lagas\/nuna\/2008060.html<\/a>&gt; (accessed March 27, 2012).<\/p>\n<p class=\"_mce_tagged_br\" style=\"text-align: left;\"><a title=\"\" href=\"#_ftnref70\" name=\"_ftn70\"><sup><sup>[70]<\/sup><\/sup><\/a> Vef\u00fatg\u00e1fa Al\u00feingist\u00ed\u00f0inda, 161. m\u00e1l, 32. fundur, Steingr\u00edmur J. Sigf\u00fasson, speech November 20, 2008 at 11:29, sl\u00f3\u00f0: &lt;<a href=\"http:\/\/www.althingi.is\/altext\/raeda\/136\/rad20081120T112948.html\">http:\/\/www.althingi.is\/altext\/raeda\/136\/rad20081120T112948.html<\/a>&gt; (accessed March 27, 2012).<\/p>\n<p class=\"_mce_tagged_br\" style=\"text-align: left;\"><a title=\"\" href=\"#_ftnref71\" name=\"_ftn71\"><sup><sup>[71]<\/sup><\/sup><\/a> Conference Call 1 (n. 55).<\/p>\n<p class=\"_mce_tagged_br\" style=\"text-align: left;\"><a title=\"\" href=\"#_ftnref72\" name=\"_ftn72\"><sup><sup>[72]<\/sup><\/sup><\/a> IMF, Iceland 2008 Article IV Consultation Concluding Statement, July 4, 2008, 11-12; IMF, Iceland, Financial System Stability Assessment Update, 2008 (n. 2), 8 (Box 1); IMF, Iceland: 2008 Article IV Consultation, Staff Report, IMF Country Report No. 08\/367, August 20, 2008 (published December 2008) 21-22\u00a0 and 30-31.<\/p>\n<p class=\"_mce_tagged_br\" style=\"text-align: left;\"><a title=\"\" href=\"#_ftnref73\" name=\"_ftn73\"><sup><sup>[73]<\/sup><\/sup><\/a> ibid; see also, e.g., Staff Report 1 (n. 34) para. 25, IMF, Iceland: Request for Stand-By Arrangement, Staff Report, IMF Country Report No. 08\/362, November 25, 2008 [Stand-by Report] para. 26.<\/p>\n<p class=\"_mce_tagged_br\" style=\"text-align: left;\"><a title=\"\" href=\"#_ftnref74\" name=\"_ftn74\"><sup><sup>[74]<\/sup><\/sup><\/a> Staff Report 5 (n. 34), para. 26.<\/p>\n<p class=\"_mce_tagged_br\" style=\"text-align: left;\"><a title=\"\" href=\"#_ftnref75\" name=\"_ftn75\"><sup><sup>[75]<\/sup><\/sup><\/a> LOI3 (n. 4), para. 17; LOI4 (n. 4) para. 25; Staff Report 5 (n. 34) paras. 26 and 42; LOI6 (n. 4), para.\u00a0 23; LOI7 (n. 4) para. 13.<\/p>\n<p class=\"_mce_tagged_br\" style=\"text-align: left;\"><a title=\"\" href=\"#_ftnref76\" name=\"_ftn76\"><sup><sup>[76]<\/sup><\/sup><\/a> Staff Report 6 (n. 34), paras. 22, 25 and 39.<\/p>\n<p class=\"_mce_tagged_br\" style=\"text-align: left;\"><a title=\"\" href=\"#_ftnref77\" name=\"_ftn77\"><sup><sup>[77]<\/sup><\/sup><\/a> Ranns\u00f3knarnefnd Al\u00feingis (n. 45) Volume 8, 18-31, 158-170.<\/p>\n<p class=\"_mce_tagged_br\" style=\"text-align: left;\"><a title=\"\" href=\"#_ftnref78\" name=\"_ftn78\"><sup><sup>[78]<\/sup><\/sup><\/a> LOI1 (n. 4), para. 4.<\/p>\n<p class=\"_mce_tagged_br\" style=\"text-align: left;\"><a title=\"\" href=\"#_ftnref79\" name=\"_ftn79\"><sup><sup>[79]<\/sup><\/sup><\/a> Stj\u00f3rnart\u00ed\u00f0indi A, 26. febr\u00faar 2009, L\u00f6g nr. 5\/2009 um breytingar \u00e1 l\u00f6gum nr. 36\/2001, um Se\u00f0labanka \u00cdslands, sl\u00f3\u00f0: &lt;<a href=\"http:\/\/www.althingi.is\/altext\/stjt\/2009.005.html&gt;\">http:\/\/www.althingi.is\/altext\/stjt\/2009.005.html&gt;<\/a> (accessed March 30, 2012).<\/p>\n<p class=\"_mce_tagged_br\" style=\"text-align: left;\"><a title=\"\" href=\"#_ftnref80\" name=\"_ftn80\"><sup><sup>[80]<\/sup><\/sup><\/a> Stj\u00f3rnart\u00ed\u00f0indi A, 11. desember 2008, L\u00f6g nr. 135\/2008 um emb\u00e6tti s\u00e9rstaks saks\u00f3knara, sl\u00f3\u00f0: &lt;<a href=\"http:\/\/www.althingi.is\/lagas\/nuna\/2008135.html\">http:\/\/www.althingi.is\/lagas\/nuna\/2008135.html<\/a>&gt; (accessed March 27, 2012).<\/p>\n<p class=\"_mce_tagged_br\" style=\"text-align: left;\"><a title=\"\" href=\"#_ftnref81\" name=\"_ftn81\"><sup><sup>[81]<\/sup><\/sup><\/a> Stj\u00f3rnart\u00ed\u00f0indi A, 17. desember 2008, L\u00f6g nr. 142\/2008 um ranns\u00f3kn \u00e1 a\u00f0draganda og ors\u00f6kum falls \u00edslensku bankanna 2008 og tengdra atbur\u00f0a, sl\u00f3\u00f0: &lt;<a href=\"http:\/\/www.althingi.is\/lagas\/nuna\/2008142.html\">http:\/\/www.althingi.is\/lagas\/nuna\/2008142.html<\/a>&gt; (accessed March 27, 2012).<\/p>\n<p class=\"_mce_tagged_br\" style=\"text-align: left;\"><a title=\"\" href=\"#_ftnref82\" name=\"_ftn82\"><sup><sup>[82]<\/sup><\/sup><\/a> Tillaga til \u00feings\u00e1lyktunar\u00a0um\u00a0m\u00e1lsh\u00f6f\u00f0un gegn r\u00e1\u00f0herrum, \u00feskj. 1502 &#8211; 706. m\u00e1l, Vef\u00fatg\u00e1fa Al\u00feingist\u00ed\u00f0inda, sl\u00f3\u00f0: &lt;<a href=\"http:\/\/www.althingi.is\/altext\/138\/s\/1502.html\">http:\/\/www.althingi.is\/altext\/138\/s\/1502.html<\/a>&gt; (accessed March 28, 2012); Tillaga til \u00feings\u00e1lyktunar\u00a0um\u00a0m\u00e1lsh\u00f6f\u00f0un gegn r\u00e1\u00f0herrum, \u00feskj. 1538 &#8211; 706. m\u00e1l, Vef\u00fatg\u00e1fa Al\u00feingist\u00ed\u00f0inda, sl\u00f3\u00f0: &lt;<a href=\"http:\/\/www.althingi.is\/altext\/138\/s\/1538.html\">http:\/\/www.althingi.is\/altext\/138\/s\/1538.html<\/a>&gt; (accessed March 28, 2012). The proposal originally named 4 ministers to be indicted, but as the indictment of each minister went through a separate vote; the result was only the former Prime Minister Geir Haarde was indicted.<\/p>\n<p class=\"_mce_tagged_br\" style=\"text-align: left;\"><a title=\"\" href=\"#_ftnref83\" name=\"_ftn83\"><sup><sup>[83]<\/sup><\/sup><\/a> E.g., Stand-by Report (n. 73), para. 26; Staff Report 1 (n. 34), para. 25 and Attachment II: Iceland: Memorandum of Economic and Financial Policies, para. 5; LOI4 (n. 4), paras. 8 and 25; Staff Report 4 (n. 34), para. 29; LOI5 (n. 4), para. 27; LOI6 (n. 4) paras. 22-25; Staff Report 6 (n. 34), paras. 22 and 25.<\/p>\n<p class=\"_mce_tagged_br\" style=\"text-align: left;\"><a title=\"\" href=\"#_ftnref84\" name=\"_ftn84\"><sup><sup>[84]<\/sup><\/sup><\/a> LOI3 (n. 4), para. 14; LOI5 (n. 4), para. 27.<\/p>\n<p class=\"_mce_tagged_br\" style=\"text-align: left;\"><a title=\"\" href=\"#_ftnref85\" name=\"_ftn85\"><sup><sup>[85]<\/sup><\/sup><\/a> IMF, Iceland, Financial System Stability Assessment Update (n. 2), Executive Summary, 5; and 27, para. 48.<\/p>\n<p class=\"_mce_tagged_br\" style=\"text-align: left;\"><a title=\"\" href=\"#_ftnref86\" name=\"_ftn86\"><sup><sup>[86]<\/sup><\/sup><\/a> IMF, Iceland: 2008 Article IV Consultation, Staff Report (n. 72), para. 33; see also: IMF, \u2018IMF Executive Board Concludes 2008 Article IV Consultation with Iceland\u2019 Public Information Notice No. 08\/120, September 19, 2008, 2.<\/p>\n<p class=\"_mce_tagged_br\" style=\"text-align: left;\"><a title=\"\" href=\"#_ftnref87\" name=\"_ftn87\"><sup><sup>[87]<\/sup><\/sup><\/a> E.g., Staff Report 1 (n. 34), para. 22; LOI (n. 4), para. 14; Staff Report 2 (n. 34), para. 21; Staff Report 4 (n. 34), paras. 10 and 27; Staff Report 5 (n. 34), para. 17; Staff report 6 (n. 34), para. 27; and LOI7 (n. 4), para. 10.<\/p>\n<p class=\"_mce_tagged_br\" style=\"text-align: left;\"><a title=\"\" href=\"#_ftnref88\" name=\"_ftn88\"><sup><sup>[88]<\/sup><\/sup><\/a> E.g., Stand-by Report (n. 73), para. 23; IMF, Iceland: Request for Exceptional Access for Requested Stand-By Arrangement, November 25, 2008, para. 7; Staff Report 1 (n. 34), para. 57; IMF, Statement by Jens Olof Henriksson, Executive Director for Iceland and Bjorn Olafsson, Senior Advisor to Executive Director, October 28, 2009. para. 2; Staff Report 2 (n. 34), para. 14; Staff Report 3 (n. 34), paras. 11 and 35; Staff Report 4 (n. 34), paras. 15 and 38; and Staff Report 5 (n. 34), para. 6.<\/p>\n<p class=\"_mce_tagged_br\" style=\"text-align: left;\"><a title=\"\" href=\"#_ftnref89\" name=\"_ftn89\"><sup><sup>[89]<\/sup><\/sup><\/a> Conference Call 1 (n. 55), 5; and Conference Call 2 (n. 55), 3.<\/p>\n<p class=\"_mce_tagged_br\" style=\"text-align: left;\"><a title=\"\" href=\"#_ftnref90\" name=\"_ftn90\"><sup><sup>[90]<\/sup><\/sup><\/a> Staff Report 1 (n. 34), para. 29; LOI3 (n. 4), paras. 16&amp;19; LOI4 (n. 4), para. 25; Staff Report 4 (n. 34), paras. 15 and 30; LOI5 (n. 4), para. 9; Staff Report 5 (n. 34), para. 26; LOI7 (n. 4), para. 12. But see, Ranns\u00f3knarnefnd Al\u00feingis (n. 45), , Volume 8, 184.<\/p>\n<p class=\"_mce_tagged_br\" style=\"text-align: left;\"><a title=\"\" href=\"#_ftnref91\" name=\"_ftn91\"><sup><sup>[91]<\/sup><\/sup><\/a> Johnstone and \u00c1mundad\u00f3ttir (n. 21), 474-75.<\/p>\n<p class=\"_mce_tagged_br\" style=\"text-align: left;\"><a title=\"\" href=\"#_ftnref92\" name=\"_ftn92\"><sup><sup>[92]<\/sup><\/sup><\/a> Staff Report 4 (n. 34), para. 9.<\/p>\n<p class=\"_mce_tagged_br\" style=\"text-align: left;\"><a title=\"\" href=\"#_ftnref93\" name=\"_ftn93\"><sup><sup>[93]<\/sup><\/sup><\/a>ibid, para. 40.<\/p>\n<p class=\"_mce_tagged_br\" style=\"text-align: left;\"><a title=\"\" href=\"#_ftnref94\" name=\"_ftn94\"><sup><sup>[94]<\/sup><\/sup><\/a> Johnstone and \u00c1mundad\u00f3ttir (n. 21), 474-75.<\/p>\n<p class=\"_mce_tagged_br\" style=\"text-align: left;\"><a title=\"\" href=\"#_ftnref95\" name=\"_ftn95\"><sup><sup>[95]<\/sup><\/sup><\/a> A\u00f0alhei\u00f0ur \u00c1mundad\u00f3ttir and Rachael Lorna Johnstone, Mannr\u00e9ttindi \u00ed \u00ferengingum : Efnahagsleg og f\u00e9lagsleg r\u00e9ttindi \u00ed kreppunni (Akureyri: University of Akureyri Press\/Icelandic Human Rights Centre, Akureyri, 2011), 54-56.<\/p>\n<p class=\"_mce_tagged_br\" style=\"text-align: left;\"><a title=\"\" href=\"#_ftnref96\" name=\"_ftn96\"><sup><sup>[96]<\/sup><\/sup><\/a> E.g., Staff Report 1 (n. 34), para. 22; Conference Call 2, 4.<\/p>\n<p class=\"_mce_tagged_br\" style=\"text-align: left;\"><a title=\"\" href=\"#_ftnref97\" name=\"_ftn97\"><sup><sup>[97]<\/sup><\/sup><\/a> Staff Report 6 (n. 34), para. 35; Conference Call 3 (n. 55), 1; but compare LOI1 (n. 4), para. 22 (stating that currency controls should be gradually lifted during lifetime of the programme).<\/p>\n<p class=\"_mce_tagged_br\" style=\"text-align: left;\"><a title=\"\" href=\"#_ftnref98\" name=\"_ftn98\"><sup><sup>[98]<\/sup><\/sup><\/a> Staff Report 1 (n. 34), para. 18; Staff Report 2 (n. 34), para. 20; Staff Report 4 (n. 34), para. 23; Staff Report 6 (n. 34), para. 20.<\/p>\n<p class=\"_mce_tagged_br\" style=\"text-align: left;\"><a title=\"\" href=\"#_ftnref99\" name=\"_ftn99\"><sup><sup>[99]<\/sup><\/sup><\/a> Staff Report 6 (n. 34), para. 35.<\/p>\n<p class=\"_mce_tagged_br\" style=\"text-align: left;\"><a title=\"\" href=\"#_ftnref100\" name=\"_ftn100\"><sup><sup>[100]<\/sup><\/sup><\/a> ibid, para. 1.<\/p>\n<p class=\"_mce_tagged_br\" style=\"text-align: left;\"><a title=\"\" href=\"#_ftnref101\" name=\"_ftn101\"><sup><sup>[101]<\/sup><\/sup><\/a> Staff Report 4 (n. 34), para. 12.<\/p>\n<p class=\"_mce_tagged_br\" style=\"text-align: left;\"><a title=\"\" href=\"#_ftnref102\" name=\"_ftn102\"><sup><sup>[102]<\/sup><\/sup><\/a> LOI3 (n. 4), para. 19.<\/p>\n<p class=\"_mce_tagged_br\" style=\"text-align: left;\"><a title=\"\" href=\"#_ftnref103\" name=\"_ftn103\"><sup><sup>[103]<\/sup><\/sup><\/a> See, generally, \u00c1mundad\u00f3ttir and Johnstone (n. 95).<\/p>\n<p class=\"_mce_tagged_br\" style=\"text-align: left;\"><a title=\"\" href=\"#_ftnref104\" name=\"_ftn104\"><sup><sup>[104]<\/sup><\/sup><\/a> Staff Report 5 (n. 34), 11, Box 2.<\/p>\n<p class=\"_mce_tagged_br\" style=\"text-align: left;\"><a title=\"\" href=\"#_ftnref105\" name=\"_ftn105\"><sup><sup>[105]<\/sup><\/sup><\/a> See Human Rights Council, Report of the Working Group on the Universal Periodic Review: Iceland, Report on the Nineteenth Session, December 2011, UN Doc. A\/HRC\/19\/13, para. 12: \u2018The [Icelandic] Delegation highlighted that the present Government was formed with the specific mission to safeguard and protect the welfare system in times of crisis\u2019; see also Tillaga til \u00feings\u00e1lyktunar\u00a0um\u00a0fj\u00e1rhagslega fyrirgrei\u00f0slu hj\u00e1 Al\u00fej\u00f3\u00f0agjaldeyrissj\u00f3\u00f0num, \u00feskj. 265 &#8211; 161. m\u00e1l, Vef\u00fatg\u00e1fa Al\u00feingist\u00ed\u00f0inda, sl\u00f3\u00f0: &lt;<a href=\"http:\/\/www.althingi.is\/altext\/136\/s\/0265.html\">http:\/\/www.althingi.is\/altext\/136\/s\/0265.html<\/a>&gt; (accessed March 27, 2012) and Vef\u00fatg\u00e1fa Al\u00feingist\u00ed\u00f0inda, 161. m\u00e1l, 32. fundur, Steingr\u00edmur J. Sigf\u00fasson, speech 20 November 2008 at 11:29, sl\u00f3\u00f0: &lt;<a href=\"http:\/\/www.althingi.is\/altext\/raeda\/136\/rad20081120T112948.html\">http:\/\/www.althingi.is\/altext\/raeda\/136\/rad20081120T112948.html<\/a>&gt; (accessed March 27, 2012) (whilst still in opposition, Steingr\u00edmur Sigf\u00fasson and the minority in general express concern regarding the impact of the IMF programme on the welfare system referring to the IMF\u2019s record elsewhere).<\/p>\n<p class=\"_mce_tagged_br\" style=\"text-align: left;\"><a title=\"\" href=\"#_ftnref106\" name=\"_ftn106\"><sup><sup>[106]<\/sup><\/sup><\/a> Compare LOI1 (n. 4) paras. 6-9; and LOI2 (n. 4), para. 18.<\/p>\n<p class=\"_mce_tagged_br\" style=\"text-align: left;\"><a title=\"\" href=\"#_ftnref107\" name=\"_ftn107\"><sup><sup>[107]<\/sup><\/sup><\/a> Staff Report 2 (n. 34), para. 42.<\/p>\n<p class=\"_mce_tagged_br\" style=\"text-align: left;\"><a title=\"\" href=\"#_ftnref108\" name=\"_ftn108\"><sup><sup>[108]<\/sup><\/sup><\/a> Staff Report 4 (n. 34), para. 43.<\/p>\n<p class=\"_mce_tagged_br\" style=\"text-align: left;\"><a title=\"\" href=\"#_ftnref109\" name=\"_ftn109\"><sup><sup>[109]<\/sup><\/sup><\/a> LOI4 (n. 4), paras. 11-12.<\/p>\n<p class=\"_mce_tagged_br\" style=\"text-align: left;\"><a title=\"\" href=\"#_ftnref110\" name=\"_ftn110\"><sup><sup>[110]<\/sup><\/sup><\/a> See \u00c1mundad\u00f3ttir and Johnstone (n. 95), 60-62 (on the significance of discussions in \u2018rights\u2019 terms as opposed to \u2018welfare\u2019).<\/p>\n<p class=\"_mce_tagged_br\" style=\"text-align: left;\"><a title=\"\" href=\"#_ftnref111\" name=\"_ftn111\"><sup><sup>[111]<\/sup><\/sup><\/a>\u00a0 EFTA Surveillance Authority, &#8216;Ice-save: Iceland obliged to ensure payment of the minimum compensation to British and Dutch depositors&#8217; (Press &amp; Publications, May 26, 2010) &lt;<a href=\"http:\/\/www.eftasurv.int\/media\/internal-market\/LFN-Ice-save.pdf\">http:\/\/www.eftasurv.int\/media\/internal-market\/LFN-Ice-save.pdf<\/a>&gt; (accessed March 27, 2012), 1.<\/p>\n<p class=\"_mce_tagged_br\" style=\"text-align: left;\"><a title=\"\" href=\"#_ftnref112\" name=\"_ftn112\"><sup><sup>[112]<\/sup><\/sup><\/a> ibid, 1-2.<\/p>\n<p class=\"_mce_tagged_br\" style=\"text-align: left;\"><a title=\"\" href=\"#_ftnref113\" name=\"_ftn113\"><sup><sup>[113]<\/sup><\/sup><\/a> Agreement on the European Economic Area, OJ No. L 1, January 3, 1994, 3. CELEX Ref: 21994A0103(01) (31994D0001).<\/p>\n<p class=\"_mce_tagged_br\" style=\"text-align: left;\"><a title=\"\" href=\"#_ftnref114\" name=\"_ftn114\"><sup><sup>[114]<\/sup><\/sup><\/a> EFTA Surveillance Authority (n. 111), p. 15.<\/p>\n<p class=\"_mce_tagged_br\" style=\"text-align: left;\"><a title=\"\" href=\"#_ftnref115\" name=\"_ftn115\"><sup><sup>[115]<\/sup><\/sup><\/a> Statistics Iceland, \u2018Referendum 6 March 2010\u2019 News no. 97\/2010, May 18, 2010) &lt;<a href=\"http:\/\/www.statice.is\/Pages\/444?NewsID=5191\">http:\/\/www.statice.is\/Pages\/444?NewsID=5191<\/a>&gt; (accessed March 27, 2012).<\/p>\n<p class=\"_mce_tagged_br\" style=\"text-align: left;\"><a title=\"\" href=\"#_ftnref116\" name=\"_ftn116\"><sup><sup>[116]<\/sup><\/sup><\/a> Prime Minister\u2019s Office, \u2018Statement from the Government of Iceland on the outcome of the referendum on the Icesave Agreements\u2019 (April 10, 2011) &lt;<a href=\"http:\/\/eng.forsaetisraduneyti.is\/news-and-articles\/nr\/6724\">http:\/\/eng.forsaetisraduneyti.is\/news-and-articles\/nr\/6724<\/a>&gt; (accessed March 27, 2012).<\/p>\n<p class=\"_mce_tagged_br\" style=\"text-align: left;\"><a title=\"\" href=\"#_ftnref117\" name=\"_ftn117\"><sup><sup>[117]<\/sup><\/sup><\/a> IceNews, \u2018Landsbanki assets alone nearly enough to cover Icesave\u2019 (Reykjav\u00edk, October 13, 2008, &lt;<a href=\"http:\/\/www.icenews.is\/index.php\/2008\/10\/13\/landsbanki-assets-alone-nearly-enough-to-cover-icesave\/\">http:\/\/www.icenews.is\/index.php\/2008\/10\/13\/landsbanki-assets-alone-nearly-enough-to-cover-icesave\/<\/a>&gt; (accessed March 27, 2012).<\/p>\n<p class=\"_mce_tagged_br\" style=\"text-align: left;\"><a title=\"\" href=\"#_ftnref118\" name=\"_ftn118\"><sup><sup>[118]<\/sup><\/sup><\/a> IceNews, \u2018Landsbanki predicts it can pay Icesave debt, and more\u2019 (Reykjav\u00edk, September 2, 2011). &lt;<a href=\"http:\/\/www.icenews.is\/index.php\/2011\/09\/02\/26243\/\">http:\/\/www.icenews.is\/index.php\/2011\/09\/02\/26243\/<\/a>&gt; (accessed March 27, 2012).<\/p>\n<p class=\"_mce_tagged_br\" style=\"text-align: left;\"><a title=\"\" href=\"#_ftnref119\" name=\"_ftn119\"><sup><sup>[119]<\/sup><\/sup><\/a> Ministry of Foreign Affairs, \u2018Fact Sheet \u2013 The Icesave Issue \u2013 Key Figures,\u2019 June 2010 &lt;<a href=\"http:\/\/www.mfa.is\/media\/MFA_pdf\/Fact-Sheet---The-Icesave-Issue---Key-Figures-June.pdf\">http:\/\/www.mfa.is\/media\/MFA_pdf\/Fact-Sheet&#8212;The-Icesave-Issue&#8212;Key-Figures-June.pdf<\/a>&gt; (accessed March 27, 2012).<\/p>\n<p class=\"_mce_tagged_br\" style=\"text-align: left;\"><a title=\"\" href=\"#_ftnref120\" name=\"_ftn120\"><sup><sup>[120]<\/sup><\/sup><\/a> Ministry of Economic Affairs, \u2018Stj\u00f3rnv\u00f6ld svara ESA vegna Icesave m\u00e1lsins\u2019 May 2, 2011 &lt;<a href=\"http:\/\/eng.efnahagsraduneyti.is\/media\/Acrobat\/Government-Response-to-ESA-020511.pdf\">http:\/\/eng.efnahagsraduneyti.is\/media\/Acrobat\/Government-Response-to-ESA-020511.pdf<\/a>&gt; (accessed March 27, 2012).<\/p>\n<p class=\"_mce_tagged_br\" style=\"text-align: left;\"><a title=\"\" href=\"#_ftnref121\" name=\"_ftn121\"><sup><sup>[121]<\/sup><\/sup><\/a> Conference Call 1 (n. 55), 5; and Conference Call 2 (n. 55), 3.<\/p>\n<p class=\"_mce_tagged_br\" style=\"text-align: left;\"><a title=\"\" href=\"#_ftnref122\" name=\"_ftn122\"><sup><sup>[122]<\/sup><\/sup><\/a> Staff Report 4 (n. 34), 7, Box 1 and 47.<\/p>\n<p class=\"_mce_tagged_br\" style=\"text-align: left;\"><a title=\"\" href=\"#_ftnref123\" name=\"_ftn123\"><sup><sup>[123]<\/sup><\/sup><\/a> Staff Report 5 (n. 34), 5, Box 1 and 34.<\/p>\n<p class=\"_mce_tagged_br\" style=\"text-align: left;\"><a title=\"\" href=\"#_ftnref124\" name=\"_ftn124\"><sup><sup>[124]<\/sup><\/sup><\/a> Conference Call 4 (n. 59).<\/p>\n<p class=\"_mce_tagged_br\" style=\"text-align: left;\"><a title=\"\" href=\"#_ftnref125\" name=\"_ftn125\"><sup><sup>[125]<\/sup><\/sup><\/a> IMF, Iceland: 2008 Article IV Consultation Staff Report (n. 72) paras. 1 and 33; see also: Staff Report 6 (n. 34), paras. 2 and 5 on Iceland\u2019s \u2018abundant\u2019 natural resources.<\/p>\n<p class=\"_mce_tagged_br\" style=\"text-align: left;\"><a title=\"\" href=\"#_ftnref126\" name=\"_ftn126\"><sup><sup>[126]<\/sup><\/sup><\/a> Stand-By Report, para. 32 (p21) and Attachment III: External Debt Sustainability Analysis and Fiscal Sustainability Analysis, para. 4; IMF, \u2018IMF Executive Board Approves US$2.1 Billion Stand-By Arrangement for Iceland\u2019 Press Release No. 08\/296, November 19, 2008.<\/p>\n<p class=\"_mce_tagged_br\" style=\"text-align: left;\"><a title=\"\" href=\"#_ftnref127\" name=\"_ftn127\"><sup><sup>[127]<\/sup><\/sup><\/a> Staff Report 6, para. 5.<\/p>\n<p class=\"_mce_tagged_br\" style=\"text-align: left;\"><a title=\"\" href=\"#_ftnref128\" name=\"_ftn128\"><sup><sup>[128]<\/sup><\/sup><\/a> Conference Call 3 (n. 55), 3.<\/p>\n<p class=\"_mce_tagged_br\" style=\"text-align: left;\"><a title=\"\" href=\"#_ftnref129\" name=\"_ftn129\"><sup><sup>[129]<\/sup><\/sup><\/a> Staff Report 3 (n. 34), paras.11, 34 and 45.<\/p>\n<p class=\"_mce_tagged_br\" style=\"text-align: left;\"><a title=\"\" href=\"#_ftnref130\" name=\"_ftn130\"><sup><sup>[130]<\/sup><\/sup><\/a> Staff Report 2 (n. 34) para. 10.<\/p>\n<p class=\"_mce_tagged_br\" style=\"text-align: left;\"><a title=\"\" href=\"#_ftnref131\" name=\"_ftn131\"><sup><sup>[131]<\/sup><\/sup><\/a> Philip Daniel, Ruud De Mooij, Thornton Matheson, and Geerten Michielse, \u2018Iceland: Advancing Tax Reform and the Taxation of Natural Resources\u2019 IMF Country Report No. 11\/138, May 2011.<\/p>\n<p class=\"_mce_tagged_br\" style=\"text-align: left;\"><a title=\"\" href=\"#_ftnref132\" name=\"_ftn132\"><sup><sup>[132]<\/sup><\/sup><\/a> Frumvarp til laga um stj\u00f3rn fiskvei\u00f0a, \u00feskj. 609, 352. m\u00e1l. Vef\u00fatg\u00e1fa Al\u00feingist\u00ed\u00f0inda, sl\u00f3\u00f0: &lt;<a href=\"http:\/\/www.althingi.is\/altext\/112\/s\/0609.html\">http:\/\/www.althingi.is\/altext\/112\/s\/0609.html<\/a>&gt; (accessed March 29, 2012)<\/p>\n<p class=\"_mce_tagged_br\" style=\"text-align: left;\"><a title=\"\" href=\"#_ftnref133\" name=\"_ftn133\"><sup><sup>[133]<\/sup><\/sup><\/a> Stj\u00f3rnart\u00ed\u00f0indi A, 28. ma\u00ed 1997, L\u00f6g nr. 75\/1997 um samningsve\u00f0, sl\u00f3\u00f0: &lt;<a href=\"http:\/\/www.althingi.is\/lagas\/nuna\/1997075.html\">http:\/\/www.althingi.is\/lagas\/nuna\/1997075.html<\/a>&gt; (accessed March 28, 2012); see also Ranns\u00f3knarnfend Al\u00feingis (n. 45) Volume 8, 233; and N\u00edels Einarsson, Culture, Conflict and Crises in the Icelandic Fisheries: An Anthropological Study of People, Policy and Marine Resources in the North Atlantic Arctic, Uppsala Studies in Cultural Anthropology No. 48 (Uppsala University: Uppsala, 2011), 145.<\/p>\n<p class=\"_mce_tagged_br\" style=\"text-align: left;\"><a title=\"\" href=\"#_ftnref134\" name=\"_ftn134\"><sup><sup>[134]<\/sup><\/sup><\/a> The use of the quotas as collateral for investment in unrelated business ventures was supported by the pre-crash administration: see N\u00edels Einarsson, \u2018Fisheries Governance and Social Discourse in Post-Crisis Iceland: Responses to the UN Human Rights Committee\u2019s Views in Case 1306\/2004\u2019 (2011) 3 Yearbook of Polar Law 479, 506-7.<\/p>\n<p class=\"_mce_tagged_br\" style=\"text-align: left;\"><a title=\"\" href=\"#_ftnref135\" name=\"_ftn135\"><sup><sup>[135]<\/sup><\/sup><\/a> Einarsson (n. 133), 146.<\/p>\n<p class=\"_mce_tagged_br\" style=\"text-align: left;\"><a title=\"\" href=\"#_ftnref136\" name=\"_ftn136\"><sup><sup>[136]<\/sup><\/sup><\/a> Human Rights Committee, Views in Communication no. 1306\/2004: Haraldsson and Sveinsson v Iceland (October 24, 2007)\u00a0 UN Doc. CCPR\/C\/91\/D\/1306\/2004.<\/p>\n<p class=\"_mce_tagged_br\" style=\"text-align: left;\"><a title=\"\" href=\"#_ftnref137\" name=\"_ftn137\"><sup><sup>[137]<\/sup><\/sup><\/a> Einarsson (n. 133), 145-46<\/p>\n<p class=\"_mce_tagged_br\" style=\"text-align: left;\"><a title=\"\" href=\"#_ftnref138\" name=\"_ftn138\"><sup><sup>[138]<\/sup><\/sup><\/a> ibid, 147 (noting the difficulties in assessing estimates for the loss of equity of renationalisation since they are almost\u00a0 always coloured by the vested interests or political objectives of those that commissioned them).<\/p>\n<p class=\"_mce_tagged_br\" style=\"text-align: left;\"><a title=\"\" href=\"#_ftnref139\" name=\"_ftn139\"><sup><sup>[139]<\/sup><\/sup><\/a> IMF, Iceland: 2008 Article IV Consultation Staff Report (n. 72), 28, Table 3.<\/p>\n<p class=\"_mce_tagged_br\" style=\"text-align: left;\"><a title=\"\" href=\"#_ftnref140\" name=\"_ftn140\"><sup><sup>[140]<\/sup><\/sup><\/a> Staff Report 2 (n. 34), 26, Figure 4.<\/p>\n<p style=\"text-align: left;\"><a title=\"\" href=\"#_ftnref141\" name=\"_ftn141\"><sup><sup>[141]<\/sup><\/sup><\/a> IMF, \u2018Good Governance: the IMF\u2019s Role\u2019 (n. 9), 2.<\/p>\n<p style=\"text-align: justify;\">\n","protected":false},"excerpt":{"rendered":"<p style=\"text-align: justify;\" align=\"center\"><span style=\"font-size: 12pt;\">Between September 2008 and August 2011, the International Monetary Fund (IMF) and Iceland were engaged in cooperation under a stand-by agreement involving a loan from the IMF to Iceland of over 2bn USD.\u00a0<\/span><span style=\"font-size: 12pt;\">The IMF is one of a number of major international institutions that has been increasing its emphasis on good governance over the past two decades, in particular, emphasising the need for improved governance in debtor countries. In this paper, the authors review the extent to which principles of good governance were exercised in the interaction between the IMF and Iceland within the context of the stand-by programme.<\/span><\/p>\n","protected":false},"author":322,"featured_media":0,"comment_status":"closed","ping_status":"open","sticky":false,"template":"","format":"standard","meta":{"_exactmetrics_skip_tracking":false,"_exactmetrics_sitenote_active":false,"_exactmetrics_sitenote_note":"","_exactmetrics_sitenote_category":0,"footnotes":""},"categories":[41],"tags":[564],"coauthors":[1006],"class_list":["post-179","post","type-post","status-publish","format-standard","hentry","category-c48-article","tag-good-governance-human-right-iceland-icescr-iccpr-imf"],"_links":{"self":[{"href":"https:\/\/nome.unak.is\/wordpress\/wp-json\/wp\/v2\/posts\/179","targetHints":{"allow":["GET"]}}],"collection":[{"href":"https:\/\/nome.unak.is\/wordpress\/wp-json\/wp\/v2\/posts"}],"about":[{"href":"https:\/\/nome.unak.is\/wordpress\/wp-json\/wp\/v2\/types\/post"}],"author":[{"embeddable":true,"href":"https:\/\/nome.unak.is\/wordpress\/wp-json\/wp\/v2\/users\/322"}],"replies":[{"embeddable":true,"href":"https:\/\/nome.unak.is\/wordpress\/wp-json\/wp\/v2\/comments?post=179"}],"version-history":[{"count":1,"href":"https:\/\/nome.unak.is\/wordpress\/wp-json\/wp\/v2\/posts\/179\/revisions"}],"predecessor-version":[{"id":1211,"href":"https:\/\/nome.unak.is\/wordpress\/wp-json\/wp\/v2\/posts\/179\/revisions\/1211"}],"wp:attachment":[{"href":"https:\/\/nome.unak.is\/wordpress\/wp-json\/wp\/v2\/media?parent=179"}],"wp:term":[{"taxonomy":"category","embeddable":true,"href":"https:\/\/nome.unak.is\/wordpress\/wp-json\/wp\/v2\/categories?post=179"},{"taxonomy":"post_tag","embeddable":true,"href":"https:\/\/nome.unak.is\/wordpress\/wp-json\/wp\/v2\/tags?post=179"},{"taxonomy":"author","embeddable":true,"href":"https:\/\/nome.unak.is\/wordpress\/wp-json\/wp\/v2\/coauthors?post=179"}],"curies":[{"name":"wp","href":"https:\/\/api.w.org\/{rel}","templated":true}]}}